{"id":2186,"date":"2026-03-06T13:37:27","date_gmt":"2026-03-06T19:37:27","guid":{"rendered":"https:\/\/veracruzhoy.com\/?p=2186"},"modified":"2026-03-06T13:37:27","modified_gmt":"2026-03-06T19:37:27","slug":"quirino-ramirez-impulsa-foro-juvenil-mujeres-en-transformacion-para-fortalecer-liderazgo-femenino","status":"publish","type":"post","link":"https:\/\/veracruzhoy.com\/index.php\/2026\/03\/06\/quirino-ramirez-impulsa-foro-juvenil-mujeres-en-transformacion-para-fortalecer-liderazgo-femenino\/","title":{"rendered":"Quirino Ram\u00edrez impulsa foro juvenil \u201cMujeres en Transformaci\u00f3n\u201d para fortalecer liderazgo femenino"},"content":{"rendered":"\n<p><em>Veracruz,Ver.-<\/em> Con el objetivo de abrir espacios de reflexi\u00f3n y di\u00e1logo entre j\u00f3venes universitarias, el regidor cuarto del Ayuntamiento de Veracruz, Quirino Ram\u00edrez Santana, impuls\u00f3 la realizaci\u00f3n del foro juvenil \u201cMujeres en Transformaci\u00f3n\u201d, una iniciativa orientada a destacar el papel de las mujeres en distintos \u00e1mbitos de la sociedad.<\/p>\n\n\n\n<p>El encuentro fue organizado a trav\u00e9s de la Regidur\u00eda Cuarta en el marco de la conmemoraci\u00f3n del D\u00eda Internacional de la Mujer, con la participaci\u00f3n de especialistas que compartieron experiencias y conocimientos con estudiantes universitarias.<\/p>\n\n\n\n<p>Durante el evento, Ram\u00edrez Santana explic\u00f3 que este tipo de actividades buscan generar conciencia entre las nuevas generaciones sobre la importancia de la participaci\u00f3n femenina en espacios acad\u00e9micos, sociales y profesionales.<\/p>\n\n\n\n<p>El programa contempl\u00f3 tres ponencias dirigidas a j\u00f3venes, entre ellas una conferencia sobre el papel de la mujer en la ciencia, otra enfocada en la construcci\u00f3n de entornos de bienestar para las mujeres y una m\u00e1s relacionada con los diversos roles que desempe\u00f1an en la sociedad.<\/p>\n\n\n\n<p>El regidor destac\u00f3 que actualmente las mujeres ocupan un papel cada vez m\u00e1s relevante en la vida p\u00fablica del pa\u00eds, reflejado en la presencia femenina en distintos niveles de gobierno.<\/p>\n\n\n\n<p>El evento tambi\u00e9n cont\u00f3 con la presencia de la alcaldesa de Veracruz, Rosa Mar\u00eda Hern\u00e1ndez Espejo, quien felicit\u00f3 al regidor Quirino Ram\u00edrez por la organizaci\u00f3n del foro y destac\u00f3 la importancia de abrir espacios de di\u00e1logo para las j\u00f3venes. La presidenta municipal se\u00f1al\u00f3 que encuentros como este ayudan a generar conciencia sobre el papel de las mujeres en la sociedad y su participaci\u00f3n en la construcci\u00f3n de un modelo de desarrollo con sentido humano.<\/p>\n\n\n\n<p>En su mensaje, la alcaldesa tambi\u00e9n reconoci\u00f3 el liderazgo de la presidenta de la Rep\u00fablica, Claudia Sheinbaum, y de la gobernadora de Veracruz, Roc\u00edo Nahle, y record\u00f3 la frase de la mandataria federal al se\u00f1alar que \u201cno lleg\u00f3 sola, llegamos todas\u201d.<\/p>\n\n\n\n<p>Finalmente, Ram\u00edrez Santana subray\u00f3 que el avance en la participaci\u00f3n de las mujeres tambi\u00e9n implica el compromiso de los hombres para respaldar y fortalecer los espacios de liderazgo femenino, contribuyendo a una sociedad m\u00e1s equitativa y con mayores oportunidades para todas.<\/p>\n","protected":false},"excerpt":{"rendered":"<p>Veracruz,Ver.- Con el objetivo de abrir espacios de reflexi\u00f3n y di\u00e1logo entre j\u00f3venes universitarias, el regidor cuarto del Ayuntamiento de Veracruz, Quirino Ram\u00edrez Santana, impuls\u00f3 la realizaci\u00f3n del foro juvenil \u201cMujeres en Transformaci\u00f3n\u201d, una iniciativa orientada a destacar el papel de las mujeres en distintos \u00e1mbitos de la sociedad. El encuentro fue organizado a trav\u00e9s [&hellip;]<\/p>\n","protected":false},"author":2,"featured_media":2187,"comment_status":"open","ping_status":"closed","sticky":false,"template":"","format":"standard","meta":{"om_disable_all_campaigns":false,"footnotes":""},"categories":[22,19],"tags":[],"class_list":["post-2186","post","type-post","status-publish","format-standard","has-post-thumbnail","hentry","category-destacada","category-local"],"_links":{"self":[{"href":"https:\/\/veracruzhoy.com\/index.php\/wp-json\/wp\/v2\/posts\/2186","targetHints":{"allow":["GET"]}}],"collection":[{"href":"https:\/\/veracruzhoy.com\/index.php\/wp-json\/wp\/v2\/posts"}],"about":[{"href":"https:\/\/veracruzhoy.com\/index.php\/wp-json\/wp\/v2\/types\/post"}],"author":[{"embeddable":true,"href":"https:\/\/veracruzhoy.com\/index.php\/wp-json\/wp\/v2\/users\/2"}],"replies":[{"embeddable":true,"href":"https:\/\/veracruzhoy.com\/index.php\/wp-json\/wp\/v2\/comments?post=2186"}],"version-history":[{"count":1,"href":"https:\/\/veracruzhoy.com\/index.php\/wp-json\/wp\/v2\/posts\/2186\/revisions"}],"predecessor-version":[{"id":2188,"href":"https:\/\/veracruzhoy.com\/index.php\/wp-json\/wp\/v2\/posts\/2186\/revisions\/2188"}],"wp:featuredmedia":[{"embeddable":true,"href":"https:\/\/veracruzhoy.com\/index.php\/wp-json\/wp\/v2\/media\/2187"}],"wp:attachment":[{"href":"https:\/\/veracruzhoy.com\/index.php\/wp-json\/wp\/v2\/media?parent=2186"}],"wp:term":[{"taxonomy":"category","embeddable":true,"href":"https:\/\/veracruzhoy.com\/index.php\/wp-json\/wp\/v2\/categories?post=2186"},{"taxonomy":"post_tag","embeddable":true,"href":"https:\/\/veracruzhoy.com\/index.php\/wp-json\/wp\/v2\/tags?post=2186"}],"curies":[{"name":"wp","href":"https:\/\/api.w.org\/{rel}","templated":true}]}}