{"id":2319,"date":"2026-04-03T16:47:27","date_gmt":"2026-04-03T22:47:27","guid":{"rendered":"https:\/\/veracruzhoy.com\/?p=2319"},"modified":"2026-04-03T16:47:27","modified_gmt":"2026-04-03T22:47:27","slug":"alta-afluencia-y-saldo-blanco-se-viven-en-la-ciudad-de-veracruz-esta-semana-santa","status":"publish","type":"post","link":"https:\/\/veracruzhoy.com\/index.php\/2026\/04\/03\/alta-afluencia-y-saldo-blanco-se-viven-en-la-ciudad-de-veracruz-esta-semana-santa\/","title":{"rendered":"Alta afluencia y saldo blanco se viven en la ciudad de Veracruz esta Semana Santa"},"content":{"rendered":"\n<p>***La alcaldesa de Veracruz, Rosa Mar\u00eda Hern\u00e1ndez Espejo, acompa\u00f1\u00f3 a la gobernadora Roc\u00edo Nahle Garc\u00eda en un recorrido por playas del municipio, donde se supervisaron las condiciones de limpieza y la atenci\u00f3n a visitantes.<\/p>\n\n\n\n<p>La ciudad de Veracruz vive una intensa Semana Santa, con alta afluencia de visitantes en sus playas y espacios p\u00fablicos, donde prevalecen condiciones de limpieza, orden y ambiente familiar, permitiendo a turistas y locales disfrutar de los distintos atractivos del destino, en un entorno seguro y organizado.<\/p>\n\n\n\n<p>Este Viernes Santo, la alcaldesa de Veracruz Rosa Mar\u00eda Hern\u00e1ndez Espejo, acompa\u00f1\u00f3 a la gobernadora Roc\u00edo Nahle Garc\u00eda en un recorrido por playas del municipio, junto al subsecretario de Promoci\u00f3n y Atenci\u00f3n Tur\u00edstica, Jorge Flores Lara, donde se observ\u00f3 la presencia de miles de visitantes, la operaci\u00f3n eficiente de los servicios y los m\u00f3dulos de atenci\u00f3n tur\u00edstica; la mandataria estatal inform\u00f3 que se mantiene saldo blanco.<\/p>\n\n\n\n<p>Asimismo, la presidenta municipal se\u00f1al\u00f3 que las playas se mantienen limpias y con un ambiente propicio para la convivencia, resultado del trabajo permanente en servicios y atenci\u00f3n, lo que permite a las familias disfrutar con tranquilidad de los espacios p\u00fablicos durante este periodo vacacional.<\/p>\n\n\n\n<p>\u201cLas playas est\u00e1n limpias, hay un ambiente familiar y la gente est\u00e1 disfrutando. Veracruz tiene mucho que ofrecer: su cultura, su gastronom\u00eda y ese sabor jarocho que nos distingue y que hace que quienes nos visitan quieran regresar\u201d, expres\u00f3 la alcaldesa.<\/p>\n\n\n\n<p>Visitantes de distintas regiones del pa\u00eds destacaron la limpieza del litoral, el trato amable y la tranquilidad del entorno, elementos que favorecen la estancia y consolidan al municipio como un destino accesible, ordenado y adecuado para vacacionar en familia.<\/p>\n","protected":false},"excerpt":{"rendered":"<p>***La alcaldesa de Veracruz, Rosa Mar\u00eda Hern\u00e1ndez Espejo, acompa\u00f1\u00f3 a la gobernadora Roc\u00edo Nahle Garc\u00eda en un recorrido por playas del municipio, donde se supervisaron las condiciones de limpieza y la atenci\u00f3n a visitantes. La ciudad de Veracruz vive una intensa Semana Santa, con alta afluencia de visitantes en sus playas y espacios p\u00fablicos, donde [&hellip;]<\/p>\n","protected":false},"author":2,"featured_media":2320,"comment_status":"open","ping_status":"closed","sticky":false,"template":"","format":"standard","meta":{"om_disable_all_campaigns":false,"footnotes":""},"categories":[1],"tags":[],"class_list":["post-2319","post","type-post","status-publish","format-standard","has-post-thumbnail","hentry","category-uncategorized"],"_links":{"self":[{"href":"https:\/\/veracruzhoy.com\/index.php\/wp-json\/wp\/v2\/posts\/2319","targetHints":{"allow":["GET"]}}],"collection":[{"href":"https:\/\/veracruzhoy.com\/index.php\/wp-json\/wp\/v2\/posts"}],"about":[{"href":"https:\/\/veracruzhoy.com\/index.php\/wp-json\/wp\/v2\/types\/post"}],"author":[{"embeddable":true,"href":"https:\/\/veracruzhoy.com\/index.php\/wp-json\/wp\/v2\/users\/2"}],"replies":[{"embeddable":true,"href":"https:\/\/veracruzhoy.com\/index.php\/wp-json\/wp\/v2\/comments?post=2319"}],"version-history":[{"count":1,"href":"https:\/\/veracruzhoy.com\/index.php\/wp-json\/wp\/v2\/posts\/2319\/revisions"}],"predecessor-version":[{"id":2321,"href":"https:\/\/veracruzhoy.com\/index.php\/wp-json\/wp\/v2\/posts\/2319\/revisions\/2321"}],"wp:featuredmedia":[{"embeddable":true,"href":"https:\/\/veracruzhoy.com\/index.php\/wp-json\/wp\/v2\/media\/2320"}],"wp:attachment":[{"href":"https:\/\/veracruzhoy.com\/index.php\/wp-json\/wp\/v2\/media?parent=2319"}],"wp:term":[{"taxonomy":"category","embeddable":true,"href":"https:\/\/veracruzhoy.com\/index.php\/wp-json\/wp\/v2\/categories?post=2319"},{"taxonomy":"post_tag","embeddable":true,"href":"https:\/\/veracruzhoy.com\/index.php\/wp-json\/wp\/v2\/tags?post=2319"}],"curies":[{"name":"wp","href":"https:\/\/api.w.org\/{rel}","templated":true}]}}