{"id":2327,"date":"2026-04-07T09:14:43","date_gmt":"2026-04-07T15:14:43","guid":{"rendered":"https:\/\/veracruzhoy.com\/?p=2327"},"modified":"2026-04-07T09:14:43","modified_gmt":"2026-04-07T15:14:43","slug":"ciudadania-de-amatitlan-defiende-integridad-arquitectonica-del-palacio-municipal-ante-proyecto-de-cajero-automatico","status":"publish","type":"post","link":"https:\/\/veracruzhoy.com\/index.php\/2026\/04\/07\/ciudadania-de-amatitlan-defiende-integridad-arquitectonica-del-palacio-municipal-ante-proyecto-de-cajero-automatico\/","title":{"rendered":"Ciudadan\u00eda de Amatitl\u00e1n defiende integridad arquitect\u00f3nica del Palacio Municipal ante proyecto de cajero autom\u00e1tico"},"content":{"rendered":"\n<p>AMATITL\u00c1N, VER. \u2013 Habitantes de este municipio han manifestado su preocupaci\u00f3n y rechazo ante la intenci\u00f3n de instalar un cajero autom\u00e1tico en las instalaciones del Palacio Municipal, se\u00f1alando que dicha obra afectar\u00eda la arquitectura original de un edificio que representa el esfuerzo colectivo de la comunidad.<\/p>\n\n\n\n<p>Si bien la ciudadan\u00eda reconoce el beneficio y la necesidad de contar con servicios bancarios en la cabecera municipal, argumentan que la ubicaci\u00f3n propuesta es inadecuada. La exigencia es clara: instalar el servicio en un sitio alterno que no vulnere el patrimonio hist\u00f3rico de los amatitlecos.<\/p>\n\n\n\n<p>Un edificio construido por el pueblo<br>La relevancia del inmueble no es solo administrativa, sino hist\u00f3rica. El actual Palacio Municipal fue erigido durante el trienio 1979-1982, bajo la administraci\u00f3n del entonces alcalde Manuel Ortiz Caldelas, y su edificaci\u00f3n es recordada como una de las mayores muestras de unidad civil en la regi\u00f3n.<\/p>\n\n\n\n<p>De acuerdo con testimonios y registros de la \u00e9poca, la obra se consolid\u00f3 gracias a un esquema de cooperaci\u00f3n sin precedentes:<\/p>\n\n\n\n<p>Los comisariados ejidales y productores aportaron un peso por cada tonelada de ca\u00f1a de az\u00facar.<br>La asociaci\u00f3n local realiz\u00f3 donaciones de bloques de construcci\u00f3n.<\/p>\n\n\n\n<p>Figuras como Juan D\u00edaz Montalvo contribuyeron con viajes de arena y grava, mientras que ciudadanos como Julio Vilaboa, Pablo Vilaboa y Severo Andrade Corro, entre muchos otros, organizaron cooperaciones para cubrir la mano de obra.<\/p>\n\n\n\n<p>El Gobierno del Estado complement\u00f3 el esfuerzo con el suministro de cemento, varilla, cal y la carpinter\u00eda para puertas y ventanas.<\/p>\n\n\n\n<p>El argumento principal de los inconformes es que intervenir la fachada o la estructura original para empotrar un cajero autom\u00e1tico ignora el valor sentimental y el sacrificio de quienes levantaron el edificio \u00abpiedra por piedra\u00bb.<br>\u00abNo es justo que, por desconocimiento del origen del inmueble, se pretenda alterar una obra que es s\u00edmbolo de la identidad de Amatitl\u00e1n\u00bb, se\u00f1alan voces ciudadanas.<\/p>\n\n\n\n<p>El llamado a las autoridades municipales y estatales es a valorar el caso con sensibilidad hist\u00f3rica, buscando alternativas que permitan modernizar los servicios de la comunidad sin sacrificar la herencia arquitect\u00f3nica de un pueblo que construy\u00f3 su propia sede de gobierno.<\/p>\n","protected":false},"excerpt":{"rendered":"<p>AMATITL\u00c1N, VER. \u2013 Habitantes de este municipio han manifestado su preocupaci\u00f3n y rechazo ante la intenci\u00f3n de instalar un cajero autom\u00e1tico en las instalaciones del Palacio Municipal, se\u00f1alando que dicha obra afectar\u00eda la arquitectura original de un edificio que representa el esfuerzo colectivo de la comunidad. Si bien la ciudadan\u00eda reconoce el beneficio y la [&hellip;]<\/p>\n","protected":false},"author":2,"featured_media":2328,"comment_status":"open","ping_status":"closed","sticky":false,"template":"","format":"standard","meta":{"om_disable_all_campaigns":false,"footnotes":""},"categories":[1],"tags":[],"class_list":["post-2327","post","type-post","status-publish","format-standard","has-post-thumbnail","hentry","category-uncategorized"],"_links":{"self":[{"href":"https:\/\/veracruzhoy.com\/index.php\/wp-json\/wp\/v2\/posts\/2327","targetHints":{"allow":["GET"]}}],"collection":[{"href":"https:\/\/veracruzhoy.com\/index.php\/wp-json\/wp\/v2\/posts"}],"about":[{"href":"https:\/\/veracruzhoy.com\/index.php\/wp-json\/wp\/v2\/types\/post"}],"author":[{"embeddable":true,"href":"https:\/\/veracruzhoy.com\/index.php\/wp-json\/wp\/v2\/users\/2"}],"replies":[{"embeddable":true,"href":"https:\/\/veracruzhoy.com\/index.php\/wp-json\/wp\/v2\/comments?post=2327"}],"version-history":[{"count":1,"href":"https:\/\/veracruzhoy.com\/index.php\/wp-json\/wp\/v2\/posts\/2327\/revisions"}],"predecessor-version":[{"id":2329,"href":"https:\/\/veracruzhoy.com\/index.php\/wp-json\/wp\/v2\/posts\/2327\/revisions\/2329"}],"wp:featuredmedia":[{"embeddable":true,"href":"https:\/\/veracruzhoy.com\/index.php\/wp-json\/wp\/v2\/media\/2328"}],"wp:attachment":[{"href":"https:\/\/veracruzhoy.com\/index.php\/wp-json\/wp\/v2\/media?parent=2327"}],"wp:term":[{"taxonomy":"category","embeddable":true,"href":"https:\/\/veracruzhoy.com\/index.php\/wp-json\/wp\/v2\/categories?post=2327"},{"taxonomy":"post_tag","embeddable":true,"href":"https:\/\/veracruzhoy.com\/index.php\/wp-json\/wp\/v2\/tags?post=2327"}],"curies":[{"name":"wp","href":"https:\/\/api.w.org\/{rel}","templated":true}]}}