{"id":2347,"date":"2026-04-11T18:16:52","date_gmt":"2026-04-12T00:16:52","guid":{"rendered":"https:\/\/veracruzhoy.com\/?p=2347"},"modified":"2026-04-11T18:16:52","modified_gmt":"2026-04-12T00:16:52","slug":"recolecta-ayuntamiento-de-veracruz-117-toneladas-de-desechos-en-jornada-de-descacharrizacion","status":"publish","type":"post","link":"https:\/\/veracruzhoy.com\/index.php\/2026\/04\/11\/recolecta-ayuntamiento-de-veracruz-117-toneladas-de-desechos-en-jornada-de-descacharrizacion\/","title":{"rendered":"Recolecta Ayuntamiento de Veracruz 117 toneladas de desechos en jornada de descacharrizaci\u00f3n"},"content":{"rendered":"\n<p>***La alcaldesa Rosa Mar\u00eda Hern\u00e1ndez Espejo destac\u00f3 que, con la requisa del alumbrado p\u00fablico, se fortalecer\u00e1 la atenci\u00f3n urbana, avanzando hacia una ciudad m\u00e1s limpia, iluminada y segura para las y los vecinos.<\/p>\n\n\n\n<p>Con una activa participaci\u00f3n de vecinas y vecinos, el Ayuntamiento de Veracruz realiz\u00f3 una jornada de descacharrizaci\u00f3n en el fraccionamiento Villa Rica I, donde se recolectaron 117 toneladas de desechos s\u00f3lidos, contribuyendo a la prevenci\u00f3n de riesgos sanitarios y a la mejora del entorno urbano.<\/p>\n\n\n\n<p>La alcaldesa Rosa Mar\u00eda Hern\u00e1ndez Espejo anunci\u00f3 que, a partir de ahora, estas jornadas se realizar\u00e1n los s\u00e1bados como parte de una estrategia para fortalecer la cooperaci\u00f3n ciudadana y facilitar que m\u00e1s familias se sumen a estas acciones en beneficio de sus colonias.<\/p>\n\n\n\n<p>El programa tiene el doble prop\u00f3sito de fomentar la prevenci\u00f3n y retomar el h\u00e1bito de la separaci\u00f3n de basura. Para el gobierno municipal, generar ambientes limpios y sanos es una prioridad, especialmente para proteger a ni\u00f1as, ni\u00f1os y adultos mayores, fortaleciendo adem\u00e1s la corresponsabilidad ciudadana.<\/p>\n\n\n\n<p>Asimismo, durante la jornada se inform\u00f3 sobre acciones para fortalecer los servicios p\u00fablicos municipales, entre ellas el alumbrado p\u00fablico, lo que permitir\u00e1 mejorar la atenci\u00f3n en colonias y fraccionamientos como Villa Rica y avanzar en la construcci\u00f3n de entornos m\u00e1s seguros y mejor iluminados.<\/p>\n","protected":false},"excerpt":{"rendered":"<p>***La alcaldesa Rosa Mar\u00eda Hern\u00e1ndez Espejo destac\u00f3 que, con la requisa del alumbrado p\u00fablico, se fortalecer\u00e1 la atenci\u00f3n urbana, avanzando hacia una ciudad m\u00e1s limpia, iluminada y segura para las y los vecinos. Con una activa participaci\u00f3n de vecinas y vecinos, el Ayuntamiento de Veracruz realiz\u00f3 una jornada de descacharrizaci\u00f3n en el fraccionamiento Villa Rica [&hellip;]<\/p>\n","protected":false},"author":2,"featured_media":2348,"comment_status":"open","ping_status":"closed","sticky":false,"template":"","format":"standard","meta":{"om_disable_all_campaigns":false,"footnotes":""},"categories":[1],"tags":[],"class_list":["post-2347","post","type-post","status-publish","format-standard","has-post-thumbnail","hentry","category-uncategorized"],"_links":{"self":[{"href":"https:\/\/veracruzhoy.com\/index.php\/wp-json\/wp\/v2\/posts\/2347","targetHints":{"allow":["GET"]}}],"collection":[{"href":"https:\/\/veracruzhoy.com\/index.php\/wp-json\/wp\/v2\/posts"}],"about":[{"href":"https:\/\/veracruzhoy.com\/index.php\/wp-json\/wp\/v2\/types\/post"}],"author":[{"embeddable":true,"href":"https:\/\/veracruzhoy.com\/index.php\/wp-json\/wp\/v2\/users\/2"}],"replies":[{"embeddable":true,"href":"https:\/\/veracruzhoy.com\/index.php\/wp-json\/wp\/v2\/comments?post=2347"}],"version-history":[{"count":1,"href":"https:\/\/veracruzhoy.com\/index.php\/wp-json\/wp\/v2\/posts\/2347\/revisions"}],"predecessor-version":[{"id":2349,"href":"https:\/\/veracruzhoy.com\/index.php\/wp-json\/wp\/v2\/posts\/2347\/revisions\/2349"}],"wp:featuredmedia":[{"embeddable":true,"href":"https:\/\/veracruzhoy.com\/index.php\/wp-json\/wp\/v2\/media\/2348"}],"wp:attachment":[{"href":"https:\/\/veracruzhoy.com\/index.php\/wp-json\/wp\/v2\/media?parent=2347"}],"wp:term":[{"taxonomy":"category","embeddable":true,"href":"https:\/\/veracruzhoy.com\/index.php\/wp-json\/wp\/v2\/categories?post=2347"},{"taxonomy":"post_tag","embeddable":true,"href":"https:\/\/veracruzhoy.com\/index.php\/wp-json\/wp\/v2\/tags?post=2347"}],"curies":[{"name":"wp","href":"https:\/\/api.w.org\/{rel}","templated":true}]}}