{"id":2353,"date":"2026-04-12T10:56:20","date_gmt":"2026-04-12T16:56:20","guid":{"rendered":"https:\/\/veracruzhoy.com\/?p=2353"},"modified":"2026-04-12T10:56:20","modified_gmt":"2026-04-12T16:56:20","slug":"el-instituto-de-estudios-superiores-tlacotalpan-iest-dos-decadas-impulsando-la-educacion-en-la-region","status":"publish","type":"post","link":"https:\/\/veracruzhoy.com\/index.php\/2026\/04\/12\/el-instituto-de-estudios-superiores-tlacotalpan-iest-dos-decadas-impulsando-la-educacion-en-la-region\/","title":{"rendered":"\u200bEl Instituto de Estudios Superiores Tlacotalpan (IEST): Dos d\u00e9cadas impulsando la educaci\u00f3n en la regi\u00f3n"},"content":{"rendered":"\n<p>\u200bTLACOTALPAN, VERACRUZ. \u2013 Con m\u00e1s de 20 a\u00f1os de trayectoria consolidada, el Instituto de Estudios Superiores Tlacotalpan (IEST), bajo la raz\u00f3n social Servicios Educativos de Tlacotalpan, A.C., reafirma su compromiso con el desarrollo profesional de los j\u00f3venes veracruzanos.<\/p>\n\n\n\n<p>\u200bFundado en 2001 y debidamente incorporado a la Secretar\u00eda de Educaci\u00f3n de Veracruz (Clave 30PSU2036I), el IEST se ha posicionado como la opci\u00f3n educativa de nivel superior m\u00e1s importante de la zona centro, ofreciendo programas acad\u00e9micos dise\u00f1ados para las demandas del mercado laboral actual.<\/p>\n\n\n\n<p>\u200bOferta Acad\u00e9mica de Excelencia<br>\u200bEl instituto cuenta con un abanico de licenciaturas en modalidad escolarizada, destacando por su flexibilidad en turnos vespertinos y una atenci\u00f3n cercana al alumnado:<br>\u200bPedagog\u00eda: Enfocada en la formaci\u00f3n de los futuros docentes y especialistas en educaci\u00f3n.<\/p>\n\n\n\n<p>\u200bDerecho: Formaci\u00f3n jur\u00eddica integral para la justicia y la legalidad.<\/p>\n\n\n\n<p>\u200bAdministraci\u00f3n de Empresas Tur\u00edsticas (LAET): Potenciando la vocaci\u00f3n tur\u00edstica de la \u00abPerla del Papaloapan\u00bb.<\/p>\n\n\n\n<p>\u200bSistemas Computacionales Administrativos (SCA): Integrando la tecnolog\u00eda con la gesti\u00f3n empresarial.<\/p>\n\n\n\n<p>\u200bAdem\u00e1s de sus licenciaturas, la instituci\u00f3n impulsa la actualizaci\u00f3n continua a trav\u00e9s de diplomados especializados como \u00abC\u00f3mo aprender a aprender\u00bb y \u00abEnse\u00f1anza Eficiente\u00bb, herramientas clave para el \u00e9xito acad\u00e9mico y profesional.<\/p>\n\n\n\n<p>\u200bEn el ciclo reciente, el IEST report\u00f3 una matr\u00edcula de 288 alumnos, con una destacada participaci\u00f3n femenina, lo que refleja un entorno inclusivo y din\u00e1mico. La instituci\u00f3n no solo se enfoca en la teor\u00eda, sino en ser un motor de cambio social en Tlacotalpan y sus alrededores.<\/p>\n\n\n\n<p>\u200b\u00a1Preinscripciones Abiertas!<br>El instituto invita a los egresados de bachillerato a formar parte de su comunidad estudiantil. Con un sistema que combina la modalidad escolarizada y abierta, el IEST se adapta a las necesidades de quienes buscan superarse sin salir de su regi\u00f3n.<\/p>\n\n\n\n<p>\u200bUbicaci\u00f3n y Contacto<br>\u200bDirecci\u00f3n: Av. Venustiano Carranza 49, Colonia Centro, C.P. 95460, Tlacotalpan, Veracruz.Tel\u00e9fono 288 88 4 28 11.<\/p>\n","protected":false},"excerpt":{"rendered":"<p>\u200bTLACOTALPAN, VERACRUZ. \u2013 Con m\u00e1s de 20 a\u00f1os de trayectoria consolidada, el Instituto de Estudios Superiores Tlacotalpan (IEST), bajo la raz\u00f3n social Servicios Educativos de Tlacotalpan, A.C., reafirma su compromiso con el desarrollo profesional de los j\u00f3venes veracruzanos. \u200bFundado en 2001 y debidamente incorporado a la Secretar\u00eda de Educaci\u00f3n de Veracruz (Clave 30PSU2036I), el IEST [&hellip;]<\/p>\n","protected":false},"author":2,"featured_media":2354,"comment_status":"open","ping_status":"closed","sticky":false,"template":"","format":"standard","meta":{"om_disable_all_campaigns":false,"footnotes":""},"categories":[1],"tags":[],"class_list":["post-2353","post","type-post","status-publish","format-standard","has-post-thumbnail","hentry","category-uncategorized"],"_links":{"self":[{"href":"https:\/\/veracruzhoy.com\/index.php\/wp-json\/wp\/v2\/posts\/2353","targetHints":{"allow":["GET"]}}],"collection":[{"href":"https:\/\/veracruzhoy.com\/index.php\/wp-json\/wp\/v2\/posts"}],"about":[{"href":"https:\/\/veracruzhoy.com\/index.php\/wp-json\/wp\/v2\/types\/post"}],"author":[{"embeddable":true,"href":"https:\/\/veracruzhoy.com\/index.php\/wp-json\/wp\/v2\/users\/2"}],"replies":[{"embeddable":true,"href":"https:\/\/veracruzhoy.com\/index.php\/wp-json\/wp\/v2\/comments?post=2353"}],"version-history":[{"count":1,"href":"https:\/\/veracruzhoy.com\/index.php\/wp-json\/wp\/v2\/posts\/2353\/revisions"}],"predecessor-version":[{"id":2355,"href":"https:\/\/veracruzhoy.com\/index.php\/wp-json\/wp\/v2\/posts\/2353\/revisions\/2355"}],"wp:featuredmedia":[{"embeddable":true,"href":"https:\/\/veracruzhoy.com\/index.php\/wp-json\/wp\/v2\/media\/2354"}],"wp:attachment":[{"href":"https:\/\/veracruzhoy.com\/index.php\/wp-json\/wp\/v2\/media?parent=2353"}],"wp:term":[{"taxonomy":"category","embeddable":true,"href":"https:\/\/veracruzhoy.com\/index.php\/wp-json\/wp\/v2\/categories?post=2353"},{"taxonomy":"post_tag","embeddable":true,"href":"https:\/\/veracruzhoy.com\/index.php\/wp-json\/wp\/v2\/tags?post=2353"}],"curies":[{"name":"wp","href":"https:\/\/api.w.org\/{rel}","templated":true}]}}