{"id":2360,"date":"2026-04-14T13:49:39","date_gmt":"2026-04-14T19:49:39","guid":{"rendered":"https:\/\/veracruzhoy.com\/?p=2360"},"modified":"2026-04-14T14:11:29","modified_gmt":"2026-04-14T20:11:29","slug":"reconoce-la-asociacion-sentimientos-de-la-nacion-avances-en-la-transformacion-de-veracruz","status":"publish","type":"post","link":"https:\/\/veracruzhoy.com\/index.php\/2026\/04\/14\/reconoce-la-asociacion-sentimientos-de-la-nacion-avances-en-la-transformacion-de-veracruz\/","title":{"rendered":"\u200bReconoce la asociaci\u00f3n \u00abSentimientos de la Naci\u00f3n\u00bb avances en la Transformaci\u00f3n de Veracruz"},"content":{"rendered":"\n<p>\u200bVERACRUZ, VER. \u2013 El dirigente de la asociaci\u00f3n pol\u00edtica Sentimientos de la Naci\u00f3n en el estado, Evirilio Tamariz Pimentel, extendi\u00f3 un efusivo reconocimiento a la gobernadora Roc\u00edo Nahle Garc\u00eda, destacando los resultados tangibles obtenidos en lo que va de su gesti\u00f3n al frente del Ejecutivo estatal.<\/p>\n\n\n\n<p>\u200bEn el marco del cumplea\u00f1os de la mandataria, Tamariz Pimentel aprovech\u00f3 para resaltar que el desempe\u00f1o de Nahle Garc\u00eda ha superado las expectativas en comparaci\u00f3n con administraciones anteriores, se\u00f1alando que el rumbo de la entidad est\u00e1 ahora claramente definido bajo los principios de la Cuarta Transformaci\u00f3n.<\/p>\n\n\n\n<p>\u200b\u00bbSentimos que vamos bien, el camino est\u00e1 trazado, el pueblo ya lo entendi\u00f3; tenemos la bandera y ahora a seguir trabajando por la Transformaci\u00f3n\u00bb, afirm\u00f3 el l\u00edder estatal.<\/p>\n\n\n\n<p>\u200bPor otra parte, el dirigente tambi\u00e9n hizo menci\u00f3n de los primeros 100 d\u00edas de gobierno de la alcaldesa de Veracruz, Rosa Mar\u00eda Hern\u00e1ndez Espejo. Calific\u00f3 este arranque como positivo y acorde a lo que esperaban quienes depositaron su confianza en el actual proyecto de gobierno.<\/p>\n\n\n\n<p>Adem\u00e1s solicit\u00f3 que la atenci\u00f3n gubernamental no se limite a los sitios tur\u00edsticos tradicionales y pidi\u00f3 que las zonas rurales sean tomadas en cuenta con la misma prioridad, rompiendo con las pr\u00e1cticas del pasado que centralizaban la inversi\u00f3n en el sector servicios y el turismo.<\/p>\n\n\n\n<p>\u200bCon estas declaraciones, la asociaci\u00f3n pol\u00edtica reafirm\u00f3 su respaldo a la estructura de gobierno estatal y municipal, apostando por la continuidad de un proyecto que priorice a los sectores hist\u00f3ricamente olvidados.<\/p>\n","protected":false},"excerpt":{"rendered":"<p>\u200bVERACRUZ, VER. \u2013 El dirigente de la asociaci\u00f3n pol\u00edtica Sentimientos de la Naci\u00f3n en el estado, Evirilio Tamariz Pimentel, extendi\u00f3 un efusivo reconocimiento a la gobernadora Roc\u00edo Nahle Garc\u00eda, destacando los resultados tangibles obtenidos en lo que va de su gesti\u00f3n al frente del Ejecutivo estatal. \u200bEn el marco del cumplea\u00f1os de la mandataria, Tamariz [&hellip;]<\/p>\n","protected":false},"author":2,"featured_media":2362,"comment_status":"open","ping_status":"closed","sticky":false,"template":"","format":"standard","meta":{"om_disable_all_campaigns":false,"footnotes":""},"categories":[1],"tags":[],"class_list":["post-2360","post","type-post","status-publish","format-standard","has-post-thumbnail","hentry","category-uncategorized"],"_links":{"self":[{"href":"https:\/\/veracruzhoy.com\/index.php\/wp-json\/wp\/v2\/posts\/2360","targetHints":{"allow":["GET"]}}],"collection":[{"href":"https:\/\/veracruzhoy.com\/index.php\/wp-json\/wp\/v2\/posts"}],"about":[{"href":"https:\/\/veracruzhoy.com\/index.php\/wp-json\/wp\/v2\/types\/post"}],"author":[{"embeddable":true,"href":"https:\/\/veracruzhoy.com\/index.php\/wp-json\/wp\/v2\/users\/2"}],"replies":[{"embeddable":true,"href":"https:\/\/veracruzhoy.com\/index.php\/wp-json\/wp\/v2\/comments?post=2360"}],"version-history":[{"count":2,"href":"https:\/\/veracruzhoy.com\/index.php\/wp-json\/wp\/v2\/posts\/2360\/revisions"}],"predecessor-version":[{"id":2363,"href":"https:\/\/veracruzhoy.com\/index.php\/wp-json\/wp\/v2\/posts\/2360\/revisions\/2363"}],"wp:featuredmedia":[{"embeddable":true,"href":"https:\/\/veracruzhoy.com\/index.php\/wp-json\/wp\/v2\/media\/2362"}],"wp:attachment":[{"href":"https:\/\/veracruzhoy.com\/index.php\/wp-json\/wp\/v2\/media?parent=2360"}],"wp:term":[{"taxonomy":"category","embeddable":true,"href":"https:\/\/veracruzhoy.com\/index.php\/wp-json\/wp\/v2\/categories?post=2360"},{"taxonomy":"post_tag","embeddable":true,"href":"https:\/\/veracruzhoy.com\/index.php\/wp-json\/wp\/v2\/tags?post=2360"}],"curies":[{"name":"wp","href":"https:\/\/api.w.org\/{rel}","templated":true}]}}