{"id":2372,"date":"2026-04-15T13:43:35","date_gmt":"2026-04-15T19:43:35","guid":{"rendered":"https:\/\/veracruzhoy.com\/?p=2372"},"modified":"2026-04-15T13:43:35","modified_gmt":"2026-04-15T19:43:35","slug":"destacan-pescadores-de-veracruz-respaldo-estatal-y-federal-para-el-sector","status":"publish","type":"post","link":"https:\/\/veracruzhoy.com\/index.php\/2026\/04\/15\/destacan-pescadores-de-veracruz-respaldo-estatal-y-federal-para-el-sector\/","title":{"rendered":"\u200bDestacan pescadores de Veracruz respaldo estatal y federal para el sector"},"content":{"rendered":"\n<p>Se llev\u00f3 a cabo la depuraci\u00f3n del padr\u00f3n de pescadores<\/p>\n\n\n\n<p>\u200bVERACRUZ, VER. \u2013 Bernardo Hern\u00e1ndez Guzm\u00e1n, dirigente de la Federaci\u00f3n de Pescadores de Veracruz, reconoci\u00f3 el compromiso de las autoridades para rescatar al sector pesquero del abandono, destacando la depuraci\u00f3n de padrones y la entrega de incentivos directos a los trabajadores del mar.<\/p>\n\n\n\n<p>\u200b<br>\u200bEl l\u00edder pesquero enfatiz\u00f3 que el gobierno estatal ha dado seguimiento puntual a la entrega de apoyos adicionales. Se\u00f1al\u00f3 que estas acciones cumplen con la palabra empe\u00f1ada por la mandataria estatal en d\u00edas pasados, asegurando que los recursos lleguen a quienes verdaderamente ejercen la actividad.<\/p>\n\n\n\n<p>\u200bParte fundamental de esta estrategia ha sido la depuraci\u00f3n del padr\u00f3n, un proceso clave para garantizar transparencia y justicia en la distribuci\u00f3n de los beneficios econ\u00f3micos para las familias que dependen del litoral veracruzano.<\/p>\n\n\n\n<p>\u200bDe manera paralela, Hern\u00e1ndez Guzm\u00e1n inform\u00f3 que se mantiene una gesti\u00f3n constante ante el Gobierno Federal. El objetivo es lograr que el apoyo de 15 mil pesos alcance a un mayor n\u00famero de pescadores, fortaleciendo la econom\u00eda de este sector primario.<\/p>\n\n\n\n<p>\u200b\u00bbTenemos la confianza de que el sector seguir\u00e1 siendo atendido; en administraciones anteriores nos manten\u00edan en total abandono\u00bb, precis\u00f3 el dirigente.<\/p>\n\n\n\n<p>\u200bFinalmente, resalt\u00f3 que la presencia y atenci\u00f3n de dependencias como Sedesol, Sedarpa y el \u00e1rea de Pesca es el resultado de mesas de trabajo y reuniones sostenidas con las autoridades. Esta coordinaci\u00f3n busca resarcir las carencias hist\u00f3ricas de una de las actividades econ\u00f3micas m\u00e1s importantes de la entidad.<\/p>\n","protected":false},"excerpt":{"rendered":"<p>Se llev\u00f3 a cabo la depuraci\u00f3n del padr\u00f3n de pescadores \u200bVERACRUZ, VER. \u2013 Bernardo Hern\u00e1ndez Guzm\u00e1n, dirigente de la Federaci\u00f3n de Pescadores de Veracruz, reconoci\u00f3 el compromiso de las autoridades para rescatar al sector pesquero del abandono, destacando la depuraci\u00f3n de padrones y la entrega de incentivos directos a los trabajadores del mar. \u200b\u200bEl l\u00edder [&hellip;]<\/p>\n","protected":false},"author":2,"featured_media":2373,"comment_status":"open","ping_status":"closed","sticky":false,"template":"","format":"standard","meta":{"om_disable_all_campaigns":false,"footnotes":""},"categories":[1],"tags":[],"class_list":["post-2372","post","type-post","status-publish","format-standard","has-post-thumbnail","hentry","category-uncategorized"],"_links":{"self":[{"href":"https:\/\/veracruzhoy.com\/index.php\/wp-json\/wp\/v2\/posts\/2372","targetHints":{"allow":["GET"]}}],"collection":[{"href":"https:\/\/veracruzhoy.com\/index.php\/wp-json\/wp\/v2\/posts"}],"about":[{"href":"https:\/\/veracruzhoy.com\/index.php\/wp-json\/wp\/v2\/types\/post"}],"author":[{"embeddable":true,"href":"https:\/\/veracruzhoy.com\/index.php\/wp-json\/wp\/v2\/users\/2"}],"replies":[{"embeddable":true,"href":"https:\/\/veracruzhoy.com\/index.php\/wp-json\/wp\/v2\/comments?post=2372"}],"version-history":[{"count":1,"href":"https:\/\/veracruzhoy.com\/index.php\/wp-json\/wp\/v2\/posts\/2372\/revisions"}],"predecessor-version":[{"id":2374,"href":"https:\/\/veracruzhoy.com\/index.php\/wp-json\/wp\/v2\/posts\/2372\/revisions\/2374"}],"wp:featuredmedia":[{"embeddable":true,"href":"https:\/\/veracruzhoy.com\/index.php\/wp-json\/wp\/v2\/media\/2373"}],"wp:attachment":[{"href":"https:\/\/veracruzhoy.com\/index.php\/wp-json\/wp\/v2\/media?parent=2372"}],"wp:term":[{"taxonomy":"category","embeddable":true,"href":"https:\/\/veracruzhoy.com\/index.php\/wp-json\/wp\/v2\/categories?post=2372"},{"taxonomy":"post_tag","embeddable":true,"href":"https:\/\/veracruzhoy.com\/index.php\/wp-json\/wp\/v2\/tags?post=2372"}],"curies":[{"name":"wp","href":"https:\/\/api.w.org\/{rel}","templated":true}]}}