{"id":2375,"date":"2026-04-16T16:28:08","date_gmt":"2026-04-16T22:28:08","guid":{"rendered":"https:\/\/veracruzhoy.com\/?p=2375"},"modified":"2026-04-16T16:28:09","modified_gmt":"2026-04-16T22:28:09","slug":"clli-presenta-funcion-especial-de-lucha-libre-con-duelo-de-botargas-en-veracruz","status":"publish","type":"post","link":"https:\/\/veracruzhoy.com\/index.php\/2026\/04\/16\/clli-presenta-funcion-especial-de-lucha-libre-con-duelo-de-botargas-en-veracruz\/","title":{"rendered":"CLLI PRESENTA FUNCI\u00d3N ESPECIAL DE LUCHA LIBRE CON DUELO DE BOTARGAS EN VERACRUZ"},"content":{"rendered":"\n<p>Veracruz, Veracruz; abril de 2026.<\/p>\n\n\n\n<p>Con el objetivo de ofrecer un espect\u00e1culo innovador y familiar, la empresa CLLI anunci\u00f3 en rueda de prensa los detalles de su tercera funci\u00f3n de temporada, la cual se llevar\u00e1 a cabo el pr\u00f3ximo 25 de abril a las 20:00 horas en la Arena Uni\u00f3n Veracruzana de Lucha Libre (Arena UVLL), ubicada en calle Jazm\u00edn No. 203, colonia Dos Caminos, en el puerto de Veracruz.<\/p>\n\n\n\n<p>El director de CLLI Adao Arellano encabez\u00f3 la rueda de prensa y fue acompa\u00f1ado por el Escorpi\u00f3n Motorizado, quienes tambi\u00e9n estar\u00e1n en la cr\u00f3nica de la funci\u00f3n.<\/p>\n\n\n\n<p>Este evento tendr\u00e1 una tem\u00e1tica especial dirigida al p\u00fablico infantil, quienes podr\u00e1n disfrutar de entrada completamente gratuita, adem\u00e1s de una experiencia \u00fanica con un Duelo de Botargas, formato in\u00e9dito en la regi\u00f3n que promete sorprender a chicos y grandes.<\/p>\n\n\n\n<p>Durante la conferencia se explic\u00f3 que, contrario a lo que muchos imaginaban, las botargas no luchar\u00e1n entre s\u00ed directamente, sino que cada una ser\u00e1 representada por un luchador profesional, quien defender\u00e1 su personaje dentro del ring. La lucha estelar contar\u00e1 con un formato eliminatorio en el que participar\u00e1n tres combates previos, dejando como resultado final a tres luchadores que disputar\u00e1n la victoria absoluta.<\/p>\n\n\n\n<p>El cartel incluye encuentros destacados:<\/p>\n\n\n\n<p>Primera lucha: Aztl\u00e1n, acompa\u00f1ado por la joven promesa Princesa Kassaia, enfrentar\u00e1 a Black Star.<\/p>\n\n\n\n<p>Segunda lucha: Thunder Fly har\u00e1 equipo con Tridente Dorado (quien debutar\u00e1 en esta funci\u00f3n) contra Conquistador Junior y Mercurio Rojo.<\/p>\n\n\n\n<p>Lucha de Amazonas: Marishka y una luchadora debutante de la Ciudad de M\u00e9xico, Shira Rock, quienes se medir\u00e1n ante las veracruzanas Lady Ferrari y Libna Maciel.<\/p>\n\n\n\n<p>Lucha estelar tem\u00e1tica de botargas:<\/p>\n\n\n\n<p>Tiburcio Jarocho (con luchador sorpresa) vs. Capibaya representado por Sky Drag\u00f3n Jr.<\/p>\n\n\n\n<p>Oso Bolo Van (defendido por Chuta) vs. Pica Chon, representado por Tentaci\u00f3n Divina.<\/p>\n\n\n\n<p>Escorpi\u00f3ncito (defendido por Furia Jarocha Jr.) vs. Terror el Duende, representado por Pr\u00edncipe \u00c1nyell.<\/p>\n\n\n\n<p>Estar\u00e1 presente como edecan del evento Shamanek, y como referees Canuta y Juanito, quien estuvo presente en la rueda de prensa.<\/p>\n\n\n\n<p>Adem\u00e1s, el evento contar\u00e1 con rifas, regalos y din\u00e1micas durante los intermedios, garantizando que los asistentes m\u00e1s peque\u00f1os vivan una celebraci\u00f3n inolvidable.<\/p>\n\n\n\n<p>La organizaci\u00f3n destac\u00f3 la importancia de adquirir los boletos con anticipaci\u00f3n, ya que en eventos anteriores la capacidad del recinto se ha visto rebasada. La preventa ya se encuentra disponible v\u00eda WhatsApp en el n\u00famero 56 19 90 30 44.<\/p>\n\n\n\n<p>El director de CLLI Adao Arellano reiter\u00f3 el compromiso de la empresa con el desarrollo del talento local, destacando el crecimiento de la escuela de lucha libre del profesor Espectrito Jr., que actualmente cuenta con cerca de 20 alumnos en formaci\u00f3n.<\/p>\n\n\n\n<p>Finalmente, CLLI adelant\u00f3 que ya se encuentran preparando su pr\u00f3xima funci\u00f3n para el mes de mayo, donde se contempla la esperada revancha entre los Marvin Brothers y sus rivales, consolidando as\u00ed una agenda anual cargada de espect\u00e1culos de calidad en el puerto de Veracruz.<\/p>\n\n\n\n<p>CLLI invita a todas las familias veracruzanas a ser parte de esta experiencia \u00fanica, donde la lucha libre y la diversi\u00f3n se unen en un evento pensado especialmente para los m\u00e1s peque\u00f1os.<\/p>\n\n\n\n<p>Para m\u00e1s informaci\u00f3n, seguir las redes sociales oficiales de CLLI.<\/p>\n","protected":false},"excerpt":{"rendered":"<p>Veracruz, Veracruz; abril de 2026. Con el objetivo de ofrecer un espect\u00e1culo innovador y familiar, la empresa CLLI anunci\u00f3 en rueda de prensa los detalles de su tercera funci\u00f3n de temporada, la cual se llevar\u00e1 a cabo el pr\u00f3ximo 25 de abril a las 20:00 horas en la Arena Uni\u00f3n Veracruzana de Lucha Libre (Arena [&hellip;]<\/p>\n","protected":false},"author":2,"featured_media":2376,"comment_status":"open","ping_status":"closed","sticky":false,"template":"","format":"standard","meta":{"om_disable_all_campaigns":false,"footnotes":""},"categories":[22,14],"tags":[],"class_list":["post-2375","post","type-post","status-publish","format-standard","has-post-thumbnail","hentry","category-destacada","category-estatal"],"_links":{"self":[{"href":"https:\/\/veracruzhoy.com\/index.php\/wp-json\/wp\/v2\/posts\/2375","targetHints":{"allow":["GET"]}}],"collection":[{"href":"https:\/\/veracruzhoy.com\/index.php\/wp-json\/wp\/v2\/posts"}],"about":[{"href":"https:\/\/veracruzhoy.com\/index.php\/wp-json\/wp\/v2\/types\/post"}],"author":[{"embeddable":true,"href":"https:\/\/veracruzhoy.com\/index.php\/wp-json\/wp\/v2\/users\/2"}],"replies":[{"embeddable":true,"href":"https:\/\/veracruzhoy.com\/index.php\/wp-json\/wp\/v2\/comments?post=2375"}],"version-history":[{"count":1,"href":"https:\/\/veracruzhoy.com\/index.php\/wp-json\/wp\/v2\/posts\/2375\/revisions"}],"predecessor-version":[{"id":2377,"href":"https:\/\/veracruzhoy.com\/index.php\/wp-json\/wp\/v2\/posts\/2375\/revisions\/2377"}],"wp:featuredmedia":[{"embeddable":true,"href":"https:\/\/veracruzhoy.com\/index.php\/wp-json\/wp\/v2\/media\/2376"}],"wp:attachment":[{"href":"https:\/\/veracruzhoy.com\/index.php\/wp-json\/wp\/v2\/media?parent=2375"}],"wp:term":[{"taxonomy":"category","embeddable":true,"href":"https:\/\/veracruzhoy.com\/index.php\/wp-json\/wp\/v2\/categories?post=2375"},{"taxonomy":"post_tag","embeddable":true,"href":"https:\/\/veracruzhoy.com\/index.php\/wp-json\/wp\/v2\/tags?post=2375"}],"curies":[{"name":"wp","href":"https:\/\/api.w.org\/{rel}","templated":true}]}}