{"id":2379,"date":"2026-04-16T20:09:04","date_gmt":"2026-04-17T02:09:04","guid":{"rendered":"https:\/\/veracruzhoy.com\/?p=2379"},"modified":"2026-04-16T20:09:04","modified_gmt":"2026-04-17T02:09:04","slug":"informe-de-100-dias-gestion-de-rosa-maria-hernandez-espejo","status":"publish","type":"post","link":"https:\/\/veracruzhoy.com\/index.php\/2026\/04\/16\/informe-de-100-dias-gestion-de-rosa-maria-hernandez-espejo\/","title":{"rendered":"Informe de 100 D\u00edas: Gesti\u00f3n de Rosa Mar\u00eda Hern\u00e1ndez Espejo"},"content":{"rendered":"\n<p>\u200bLa alcaldesa de Veracruz present\u00f3 un balance de sus primeros 100 d\u00edas de gobierno, destacando avances significativos en infraestructura, servicios p\u00fablicos y econom\u00eda, bajo una narrativa de recuperaci\u00f3n tras lo que calific\u00f3 como ocho a\u00f1os de rezago de administraciones anteriores.<\/p>\n\n\n\n<h3 class=\"wp-block-heading\">\u200b<strong>Infraestructura y Servicios P\u00fablicos<\/strong><\/h3>\n\n\n\n<ul class=\"wp-block-list\">\n<li>\u200b<strong>Vialidad:<\/strong> Con apoyo estatal, se repararon <strong>72,200 baches<\/strong>, superando la meta inicial. Adem\u00e1s, la alcaldesa se comprometi\u00f3 a pavimentar <strong>70 calles<\/strong> este a\u00f1o, cifra que contrasta con las 25 realizadas en el cuatrienio anterior.<\/li>\n\n\n\n<li>\u200b<strong>Alumbrado:<\/strong> Se cancel\u00f3 la concesi\u00f3n a la empresa <em>Wardenclyffe<\/em>, se\u00f1alada por irregularidades financieras y deficiencia en el servicio, con el objetivo de municipalizar y mejorar la iluminaci\u00f3n urbana.<\/li>\n\n\n\n<li>\u200b<strong>Agua Potable:<\/strong> Se mantiene una postura cr\u00edtica hacia <em>Grupo M\u00e1s<\/em>. Se inform\u00f3 sobre procesos legales ganados por organizaciones civiles y se espera una auditor\u00eda financiera para avanzar en el rescate del sistema de agua.<\/li>\n<\/ul>\n\n\n\n<h3 class=\"wp-block-heading\">\u200b<strong>Turismo y Desarrollo Econ\u00f3mico<\/strong><\/h3>\n\n\n\n<ul class=\"wp-block-list\">\n<li>\u200b<strong>Carnaval y Semana Santa:<\/strong> El regreso del Carnaval a su fecha original gener\u00f3 una derrama de <strong>700 millones de pesos<\/strong> y ganancias que cuadriplicaron las de la gesti\u00f3n previa. En Semana Santa se registr\u00f3 la visita de <strong>1.2 millones de personas<\/strong> con saldo blanco.<\/li>\n<\/ul>\n\n\n\n<h3 class=\"wp-block-heading\">\u200b<strong>Seguridad y Salud<\/strong><\/h3>\n\n\n\n<ul class=\"wp-block-list\">\n<li>\u200b<strong>Polic\u00eda Municipal:<\/strong> Se anunci\u00f3 la duplicaci\u00f3n de salarios para los elementos, as\u00ed como incrementos en capacitaci\u00f3n y contrataci\u00f3n de nuevo personal.<\/li>\n\n\n\n<li>\u200b<strong>Salud:<\/strong> Se proyecta la construcci\u00f3n de un nuevo <strong>hospital en Matacocuite<\/strong> para atender a los sectores populares.<\/li>\n\n\n\n<li>\u200b<strong>Vialidad:<\/strong> Resalt\u00f3 el \u00e9xito de los programas de educaci\u00f3n vial \u00abUno por uno\u00bb y \u00abMotociclista responsable\u00bb.<\/li>\n<\/ul>\n\n\n\n<h3 class=\"wp-block-heading\">\u200b<strong>Certeza Jur\u00eddica<\/strong><\/h3>\n\n\n\n<ul class=\"wp-block-list\">\n<li>\u200bA trav\u00e9s del Instituto Veracruzano de la Vivienda, se entregaron <strong>250 escrituras<\/strong> y se planea entregar una cantidad similar antes de que concluya el a\u00f1o, beneficiando a propietarios de colonias populares.<\/li>\n<\/ul>\n","protected":false},"excerpt":{"rendered":"<p>\u200bLa alcaldesa de Veracruz present\u00f3 un balance de sus primeros 100 d\u00edas de gobierno, destacando avances significativos en infraestructura, servicios p\u00fablicos y econom\u00eda, bajo una narrativa de recuperaci\u00f3n tras lo que calific\u00f3 como ocho a\u00f1os de rezago de administraciones anteriores. \u200bInfraestructura y Servicios P\u00fablicos \u200bTurismo y Desarrollo Econ\u00f3mico \u200bSeguridad y Salud \u200bCerteza Jur\u00eddica<\/p>\n","protected":false},"author":2,"featured_media":2380,"comment_status":"open","ping_status":"closed","sticky":false,"template":"","format":"standard","meta":{"om_disable_all_campaigns":false,"footnotes":""},"categories":[1],"tags":[],"class_list":["post-2379","post","type-post","status-publish","format-standard","has-post-thumbnail","hentry","category-uncategorized"],"_links":{"self":[{"href":"https:\/\/veracruzhoy.com\/index.php\/wp-json\/wp\/v2\/posts\/2379","targetHints":{"allow":["GET"]}}],"collection":[{"href":"https:\/\/veracruzhoy.com\/index.php\/wp-json\/wp\/v2\/posts"}],"about":[{"href":"https:\/\/veracruzhoy.com\/index.php\/wp-json\/wp\/v2\/types\/post"}],"author":[{"embeddable":true,"href":"https:\/\/veracruzhoy.com\/index.php\/wp-json\/wp\/v2\/users\/2"}],"replies":[{"embeddable":true,"href":"https:\/\/veracruzhoy.com\/index.php\/wp-json\/wp\/v2\/comments?post=2379"}],"version-history":[{"count":1,"href":"https:\/\/veracruzhoy.com\/index.php\/wp-json\/wp\/v2\/posts\/2379\/revisions"}],"predecessor-version":[{"id":2381,"href":"https:\/\/veracruzhoy.com\/index.php\/wp-json\/wp\/v2\/posts\/2379\/revisions\/2381"}],"wp:featuredmedia":[{"embeddable":true,"href":"https:\/\/veracruzhoy.com\/index.php\/wp-json\/wp\/v2\/media\/2380"}],"wp:attachment":[{"href":"https:\/\/veracruzhoy.com\/index.php\/wp-json\/wp\/v2\/media?parent=2379"}],"wp:term":[{"taxonomy":"category","embeddable":true,"href":"https:\/\/veracruzhoy.com\/index.php\/wp-json\/wp\/v2\/categories?post=2379"},{"taxonomy":"post_tag","embeddable":true,"href":"https:\/\/veracruzhoy.com\/index.php\/wp-json\/wp\/v2\/tags?post=2379"}],"curies":[{"name":"wp","href":"https:\/\/api.w.org\/{rel}","templated":true}]}}