{"id":2383,"date":"2026-04-17T08:41:11","date_gmt":"2026-04-17T14:41:11","guid":{"rendered":"https:\/\/veracruzhoy.com\/?p=2383"},"modified":"2026-04-17T08:41:11","modified_gmt":"2026-04-17T14:41:11","slug":"nombran-a-veracruzana-daniela-jacome-presidenta-de-la-red-mexico-emprende","status":"publish","type":"post","link":"https:\/\/veracruzhoy.com\/index.php\/2026\/04\/17\/nombran-a-veracruzana-daniela-jacome-presidenta-de-la-red-mexico-emprende\/","title":{"rendered":"Nombran a veracruzana Daniela J\u00e1come Presidenta de la Red M\u00e9xico Emprende"},"content":{"rendered":"\n<p><em>**Para el periodo 2026-2027 en el estado de Veracruz<\/em><\/p>\n\n\n\n<p><em>**El objetivo principal ser\u00e1 impulsar a las Micro, Peque\u00f1as y Medianas Empresas veracruzanas<\/em><\/p>\n\n\n\n<p>La abogada veracruzana, Daniela J\u00e1come Hern\u00e1ndez, fue designada Presidenta de la Red M\u00e9xico Emprende, estado de Veracruz, en una ceremonia protocolaria que se llev\u00f3 a cabo este jueves en Ciudad del Carmen, Campeche.<\/p>\n\n\n\n<p>Luego de ser elegida de manera un\u00e1nime por la Red Nacional M\u00e9xico Emprende, en el marco del D\u00eda Internacional del Emprendedor, J\u00e1come Hern\u00e1ndez expres\u00f3 su felicidad ante la responsabilidad de un nuevo reto que ya comienza.<\/p>\n\n\n\n<p>\u201cMe siento feliz, emocionada, pero al mismo tiempo s\u00e9 que es un gran reto. Cabe destacar que la Red M\u00e9xico Emprende es una organizaci\u00f3n que si bien est\u00e1 a nivel nacional, tiene presencia en varios estados de la Rep\u00fablica y eso es muy importante\u201d, respondi\u00f3 J\u00e1come Hern\u00e1ndez.<\/p>\n\n\n\n<p>La elecci\u00f3n como Presidenta de la Red M\u00e9xico Emprende en el estado de Veracruz ser\u00e1 por un a\u00f1o, con la posibilidad de reelegirse por dos m\u00e1s, aunque para la abogada Daniela eso no es prioridad, pero s\u00ed, el sentar las bases desde este momento en pro de las miPyMES (Micro, Peque\u00f1as y Medianas Empresas).<\/p>\n\n\n\n<p>\u201cUno de nuestros objetivos a corto y mediano plazo es ver por las MiPyMES veracruzanas, por apoyar al sector empresarial, al empresario y al emprendedor que va iniciando.<\/p>\n\n\n\n<p>\u201cCon nosotros tienen que encontrar esa fortaleza, la capacitaci\u00f3n, el respaldo, porque precisamente todos lo necesitamos cuando vamos iniciando, porque nadie te ense\u00f1a a tener un negocio, a la gente que viene de abajo y las personas que inician de cero, nadie les ense\u00f1a c\u00f3mo crear un negocio, administrarlo, lo vas descubriendo en el d\u00eda a d\u00eda\u201d, explic\u00f3 J\u00e1come Hern\u00e1ndez.<\/p>\n\n\n\n<p>Asimismo, la abogada y empresaria veracruzana, agreg\u00f3 que en la Red M\u00e9xico Emprende, estado de Veracruz, se trabajar\u00e1 con todos los que se sumen por igual.<\/p>\n\n\n\n<p>\u201cAlgo muy importante es que aqu\u00ed trabajaremos con acciones reales, no nada m\u00e1s eventos protocolarios, sino realmente Networking de calidad que nos permita conectar con personas para que nos ayuden a hacer crecer nuestro negocio, y para esto, la capacitaci\u00f3n es algo b\u00e1sico e importante que vamos a tener como parte de una de las actividades permanentes a realizar con todas las personas que tengan a bien asociarse a la red M\u00e9xico Emprende Veracruz\u201d, finaliz\u00f3.<\/p>\n\n\n\n<p>Este evento tambi\u00e9n cont\u00f3 con la presencia de Jorge Alberto Serna Mart\u00ednez, Presidente Nacional de la Red Nacional M\u00e9xico Emprende, as\u00ed como Miriam Valenzuela, Presidenta de la Red M\u00e9xico Emprende del estado de Campeche y dem\u00e1s invitados especiales.<\/p>\n\n\n\n<p><em>\u00bfQU\u00c9 ES LA RED NACIONAL M\u00c9XICO EMPRENDE?<\/em><\/p>\n\n\n\n<p>La&nbsp;Red Nacional M\u00e9xico Emprende&nbsp;es una organizaci\u00f3n que integra una comunidad de emprendedores, empresarios y MiPyMEs en M\u00e9xico, cuyo prop\u00f3sito principal es&nbsp;impulsar el crecimiento, la profesionalizaci\u00f3n y la consolidaci\u00f3n de los negocios&nbsp;a trav\u00e9s de colaboraci\u00f3n estrat\u00e9gica, capacitaci\u00f3n y generaci\u00f3n de oportunidades desde hace m\u00e1s de una d\u00e9cada.<\/p>\n\n\n\n<p><em>\u00bfQu\u00e9 hacen?<\/em><br>La Red enfoca sus acciones en:<\/p>\n\n\n\n<ul class=\"wp-block-list\">\n<li>Capacitaci\u00f3n continua\u00a0para emprendedores y empresarios (cursos, talleres y formaci\u00f3n empresarial).<\/li>\n\n\n\n<li>Vinculaci\u00f3n estrat\u00e9gica, generando alianzas comerciales y networking.<\/li>\n\n\n\n<li>Acompa\u00f1amiento empresarial, brindando herramientas para el crecimiento y escalabilidad.<\/li>\n\n\n\n<li>Impulso a MiPyMEs, sector clave que genera la mayor\u00eda del empleo en M\u00e9xico.<\/li>\n<\/ul>\n","protected":false},"excerpt":{"rendered":"<p>**Para el periodo 2026-2027 en el estado de Veracruz **El objetivo principal ser\u00e1 impulsar a las Micro, Peque\u00f1as y Medianas Empresas veracruzanas La abogada veracruzana, Daniela J\u00e1come Hern\u00e1ndez, fue designada Presidenta de la Red M\u00e9xico Emprende, estado de Veracruz, en una ceremonia protocolaria que se llev\u00f3 a cabo este jueves en Ciudad del Carmen, Campeche. [&hellip;]<\/p>\n","protected":false},"author":2,"featured_media":2384,"comment_status":"open","ping_status":"closed","sticky":false,"template":"","format":"standard","meta":{"om_disable_all_campaigns":false,"footnotes":""},"categories":[22,14],"tags":[],"class_list":["post-2383","post","type-post","status-publish","format-standard","has-post-thumbnail","hentry","category-destacada","category-estatal"],"_links":{"self":[{"href":"https:\/\/veracruzhoy.com\/index.php\/wp-json\/wp\/v2\/posts\/2383","targetHints":{"allow":["GET"]}}],"collection":[{"href":"https:\/\/veracruzhoy.com\/index.php\/wp-json\/wp\/v2\/posts"}],"about":[{"href":"https:\/\/veracruzhoy.com\/index.php\/wp-json\/wp\/v2\/types\/post"}],"author":[{"embeddable":true,"href":"https:\/\/veracruzhoy.com\/index.php\/wp-json\/wp\/v2\/users\/2"}],"replies":[{"embeddable":true,"href":"https:\/\/veracruzhoy.com\/index.php\/wp-json\/wp\/v2\/comments?post=2383"}],"version-history":[{"count":1,"href":"https:\/\/veracruzhoy.com\/index.php\/wp-json\/wp\/v2\/posts\/2383\/revisions"}],"predecessor-version":[{"id":2385,"href":"https:\/\/veracruzhoy.com\/index.php\/wp-json\/wp\/v2\/posts\/2383\/revisions\/2385"}],"wp:featuredmedia":[{"embeddable":true,"href":"https:\/\/veracruzhoy.com\/index.php\/wp-json\/wp\/v2\/media\/2384"}],"wp:attachment":[{"href":"https:\/\/veracruzhoy.com\/index.php\/wp-json\/wp\/v2\/media?parent=2383"}],"wp:term":[{"taxonomy":"category","embeddable":true,"href":"https:\/\/veracruzhoy.com\/index.php\/wp-json\/wp\/v2\/categories?post=2383"},{"taxonomy":"post_tag","embeddable":true,"href":"https:\/\/veracruzhoy.com\/index.php\/wp-json\/wp\/v2\/tags?post=2383"}],"curies":[{"name":"wp","href":"https:\/\/api.w.org\/{rel}","templated":true}]}}