{"id":2386,"date":"2026-04-17T19:01:13","date_gmt":"2026-04-18T01:01:13","guid":{"rendered":"https:\/\/veracruzhoy.com\/?p=2386"},"modified":"2026-04-18T06:55:39","modified_gmt":"2026-04-18T12:55:39","slug":"el-ies-tlacotalpan-abre-periodo-de-inscripciones-25-anos-formando-lideres-en-la-cuenca","status":"publish","type":"post","link":"https:\/\/veracruzhoy.com\/index.php\/2026\/04\/17\/el-ies-tlacotalpan-abre-periodo-de-inscripciones-25-anos-formando-lideres-en-la-cuenca\/","title":{"rendered":"El IES Tlacotalpan abre periodo de inscripciones: 25 a\u00f1os formando l\u00edderes en la Cuenca"},"content":{"rendered":"\n<p>\u200bTlacotalpan, Ver. \u2013 El Instituto de Estudios Superiores Tlacotalpan (IEST) reafirma su compromiso con la educaci\u00f3n de excelencia al anunciar la apertura de su proceso de nuevos ingresos. Con un cuarto de siglo de trayectoria, la instituci\u00f3n se consolida como la opci\u00f3n educativa m\u00e1s s\u00f3lida para quienes buscan una r\u00e1pida inserci\u00f3n en el mercado laboral.<\/p>\n\n\n\n<p>\u200b<br>Ofrece licenciaturas dise\u00f1adas para responder a las necesidades actuales de las empresas, permitiendo que sus egresados se coloquen exitosamente en sus \u00e1reas de especialidad:<br>\u200bPedagog\u00eda<br>\u200bDerecho<br>\u200bAdministraci\u00f3n de Empresas Tur\u00edsticas<br>\u200bSistemas Computacionales<\/p>\n\n\n\n<p>\u200b\u00bbNuestros egresados no solo terminan una carrera, sino que se integran activamente al desarrollo econ\u00f3mico de la regi\u00f3n y del pa\u00eds\u00bb, asever\u00f3 el Lic. \u00c1lvaro Zarrabal, director de la instituci\u00f3n, durante la celebraci\u00f3n del 25 aniversario.<\/p>\n\n\n\n<p>\u200b<br>\u200bEntendiendo los retos actuales, el IEST elimina las barreras para continuar los estudios profesionales. El sistema educativo est\u00e1 dise\u00f1ado para que el trabajo no sea un impedimento, ofreciendo:<br>\u200bHorarios Sabatinos: Ideales para quienes laboran de lunes a viernes.<br>\u200bSistemas Mixtos: Una alternativa vers\u00e1til para optimizar el tiempo.<\/p>\n\n\n\n<p>\u200bAdem\u00e1s de su prestigio acad\u00e9mico, el instituto destaca por ofrecer las colegiaturas m\u00e1s accesibles de la Baja Cuenca del Papaloapan, sin sacrificar la calidad:<br>\u200bDocentes altamente capacitados con experiencia real en el campo.<br>\u200bInfraestructura moderna con aulas totalmente climatizadas.<br>\u200bAmbiente estudiantil sano y colaborativo.<br>\u200b<br>\u200bSi buscas formar parte de esta nueva generaci\u00f3n de profesionales, puedes solicitar informaci\u00f3n o iniciar tu proceso de inscripci\u00f3n en:<br>\u200bDirecci\u00f3n: Avenida Venustiano Carranza No. 49, Centro, Tlacotalpan, Ver.<br>\u200bTel\u00e9fono: 288 884 2811.<\/p>\n\n\n\n<p>\u200b\u00a1No pierdas la oportunidad de asegurar tu futuro en la Ciudad Patrimonio Cultural de la Humanidad!<\/p>\n","protected":false},"excerpt":{"rendered":"<p>\u200bTlacotalpan, Ver. \u2013 El Instituto de Estudios Superiores Tlacotalpan (IEST) reafirma su compromiso con la educaci\u00f3n de excelencia al anunciar la apertura de su proceso de nuevos ingresos. Con un cuarto de siglo de trayectoria, la instituci\u00f3n se consolida como la opci\u00f3n educativa m\u00e1s s\u00f3lida para quienes buscan una r\u00e1pida inserci\u00f3n en el mercado laboral. [&hellip;]<\/p>\n","protected":false},"author":2,"featured_media":2387,"comment_status":"open","ping_status":"closed","sticky":false,"template":"","format":"standard","meta":{"om_disable_all_campaigns":false,"footnotes":""},"categories":[22,14],"tags":[],"class_list":["post-2386","post","type-post","status-publish","format-standard","has-post-thumbnail","hentry","category-destacada","category-estatal"],"_links":{"self":[{"href":"https:\/\/veracruzhoy.com\/index.php\/wp-json\/wp\/v2\/posts\/2386","targetHints":{"allow":["GET"]}}],"collection":[{"href":"https:\/\/veracruzhoy.com\/index.php\/wp-json\/wp\/v2\/posts"}],"about":[{"href":"https:\/\/veracruzhoy.com\/index.php\/wp-json\/wp\/v2\/types\/post"}],"author":[{"embeddable":true,"href":"https:\/\/veracruzhoy.com\/index.php\/wp-json\/wp\/v2\/users\/2"}],"replies":[{"embeddable":true,"href":"https:\/\/veracruzhoy.com\/index.php\/wp-json\/wp\/v2\/comments?post=2386"}],"version-history":[{"count":2,"href":"https:\/\/veracruzhoy.com\/index.php\/wp-json\/wp\/v2\/posts\/2386\/revisions"}],"predecessor-version":[{"id":2396,"href":"https:\/\/veracruzhoy.com\/index.php\/wp-json\/wp\/v2\/posts\/2386\/revisions\/2396"}],"wp:featuredmedia":[{"embeddable":true,"href":"https:\/\/veracruzhoy.com\/index.php\/wp-json\/wp\/v2\/media\/2387"}],"wp:attachment":[{"href":"https:\/\/veracruzhoy.com\/index.php\/wp-json\/wp\/v2\/media?parent=2386"}],"wp:term":[{"taxonomy":"category","embeddable":true,"href":"https:\/\/veracruzhoy.com\/index.php\/wp-json\/wp\/v2\/categories?post=2386"},{"taxonomy":"post_tag","embeddable":true,"href":"https:\/\/veracruzhoy.com\/index.php\/wp-json\/wp\/v2\/tags?post=2386"}],"curies":[{"name":"wp","href":"https:\/\/api.w.org\/{rel}","templated":true}]}}