{"id":2393,"date":"2026-04-18T05:59:04","date_gmt":"2026-04-18T11:59:04","guid":{"rendered":"https:\/\/veracruzhoy.com\/?p=2393"},"modified":"2026-04-18T05:59:04","modified_gmt":"2026-04-18T11:59:04","slug":"supervisa-alcaldesa-de-veracruz-obras-de-mantenimiento-en-el-puente-morelos","status":"publish","type":"post","link":"https:\/\/veracruzhoy.com\/index.php\/2026\/04\/18\/supervisa-alcaldesa-de-veracruz-obras-de-mantenimiento-en-el-puente-morelos\/","title":{"rendered":"Supervisa alcaldesa de Veracruz obras de mantenimiento en el Puente Morelos"},"content":{"rendered":"\n<p>***Los trabajos llevan un progreso del 70 por ciento, para asegurar la estabilidad estructural y funcional de esta v\u00eda de comunicaci\u00f3n<\/p>\n\n\n\n<p>La alcaldesa de Veracruz, Rosa Mar\u00eda Hern\u00e1ndez Espejo, supervis\u00f3 los trabajos de mantenimiento y reforzamiento en la base del Puente Morelos, donde constat\u00f3 el avance del 70 por ciento en el proyecto, que se desarrolla conforme a est\u00e1ndares t\u00e9cnicos para asegurar la funcionalidad de esta importante v\u00eda de comunicaci\u00f3n.<\/p>\n\n\n\n<p>La direcci\u00f3n de Obras P\u00fablicas y Desarrollo Urbano realiza estas acciones con soluciones t\u00e9cnicas orientadas a atender de forma oportuna las afectaciones detectadas, mediante un proceso que prioriza la estabilidad estructural del puente y asegura que la intervenci\u00f3n se realice bajo criterios de ingenier\u00eda que garanticen resultados duraderos.<\/p>\n\n\n\n<p>Durante el recorrido se destac\u00f3 que estas acciones buscan prolongar la vida \u00fatil del puente y prevenir riesgos a futuro, adem\u00e1s de que la estructura general se mantiene en buen estado y sin da\u00f1os que comprometan su estabilidad, por lo que se trata de una intervenci\u00f3n preventiva y correctiva, basada en estudios realizados en colaboraci\u00f3n con el Colegio de Ingenieros Civiles.<\/p>\n\n\n\n<p>El gobierno municipal reiter\u00f3 que el Puente Morelos es seguro para la circulaci\u00f3n vehicular y que la ciudadan\u00eda puede transitar con confianza, al tiempo que refrenda su compromiso de mantener la infraestructura en condiciones \u00f3ptimas y garantizar mayor seguridad vial para las y los veracruzanos.<\/p>\n","protected":false},"excerpt":{"rendered":"<p>***Los trabajos llevan un progreso del 70 por ciento, para asegurar la estabilidad estructural y funcional de esta v\u00eda de comunicaci\u00f3n La alcaldesa de Veracruz, Rosa Mar\u00eda Hern\u00e1ndez Espejo, supervis\u00f3 los trabajos de mantenimiento y reforzamiento en la base del Puente Morelos, donde constat\u00f3 el avance del 70 por ciento en el proyecto, que se [&hellip;]<\/p>\n","protected":false},"author":2,"featured_media":2394,"comment_status":"open","ping_status":"closed","sticky":false,"template":"","format":"standard","meta":{"om_disable_all_campaigns":false,"footnotes":""},"categories":[1],"tags":[],"class_list":["post-2393","post","type-post","status-publish","format-standard","has-post-thumbnail","hentry","category-uncategorized"],"_links":{"self":[{"href":"https:\/\/veracruzhoy.com\/index.php\/wp-json\/wp\/v2\/posts\/2393","targetHints":{"allow":["GET"]}}],"collection":[{"href":"https:\/\/veracruzhoy.com\/index.php\/wp-json\/wp\/v2\/posts"}],"about":[{"href":"https:\/\/veracruzhoy.com\/index.php\/wp-json\/wp\/v2\/types\/post"}],"author":[{"embeddable":true,"href":"https:\/\/veracruzhoy.com\/index.php\/wp-json\/wp\/v2\/users\/2"}],"replies":[{"embeddable":true,"href":"https:\/\/veracruzhoy.com\/index.php\/wp-json\/wp\/v2\/comments?post=2393"}],"version-history":[{"count":1,"href":"https:\/\/veracruzhoy.com\/index.php\/wp-json\/wp\/v2\/posts\/2393\/revisions"}],"predecessor-version":[{"id":2395,"href":"https:\/\/veracruzhoy.com\/index.php\/wp-json\/wp\/v2\/posts\/2393\/revisions\/2395"}],"wp:featuredmedia":[{"embeddable":true,"href":"https:\/\/veracruzhoy.com\/index.php\/wp-json\/wp\/v2\/media\/2394"}],"wp:attachment":[{"href":"https:\/\/veracruzhoy.com\/index.php\/wp-json\/wp\/v2\/media?parent=2393"}],"wp:term":[{"taxonomy":"category","embeddable":true,"href":"https:\/\/veracruzhoy.com\/index.php\/wp-json\/wp\/v2\/categories?post=2393"},{"taxonomy":"post_tag","embeddable":true,"href":"https:\/\/veracruzhoy.com\/index.php\/wp-json\/wp\/v2\/tags?post=2393"}],"curies":[{"name":"wp","href":"https:\/\/api.w.org\/{rel}","templated":true}]}}