{"id":2397,"date":"2026-04-21T20:04:58","date_gmt":"2026-04-22T02:04:58","guid":{"rendered":"https:\/\/veracruzhoy.com\/?p=2397"},"modified":"2026-04-21T20:04:58","modified_gmt":"2026-04-22T02:04:58","slug":"todo-listo-para-el-primer-encuentro-nacional-del-caballo","status":"publish","type":"post","link":"https:\/\/veracruzhoy.com\/index.php\/2026\/04\/21\/todo-listo-para-el-primer-encuentro-nacional-del-caballo\/","title":{"rendered":"TODO LISTO PARA EL PRIMER ENCUENTRO NACIONAL DEL CABALLO"},"content":{"rendered":"\n<p>El dia de ma\u00f1ana inicia el Primer Encuentro Nacional del Caballo, el cual tendr\u00e1 actividades desde las 9 de la ma\u00f1ana a las 9 de la noche en el WTC de Boca del Rio, desde exhibiciones, conferencias, ventas y artes ecuestres se\u00f1alo el Presidente de la Asociaci\u00f3n de Jinetes del Estado de Veracruz, Jorge Cobos Ruiz quien resalt\u00f3 la participaci\u00f3n de expertos internacionales de Portugal, Argentina, Uruguay y Colombia.<\/p>\n\n\n\n<p>Las actividades en el WTC seran de este mi\u00e9rcoles al sabado y el domingo habra una magna cabalgata por el centro hist\u00f3rico del Puerto de Veracruz.<\/p>\n\n\n\n<p>\u00abEs un evento que se ha tomado con mucha claridad realizar para llevarlo en orden y seguridad tanto en la cabalgata como en el recinto para dar a conocer toda la actividad ecuestre, el evento es totalmente gratuito para toda la familia.\u00bb<\/p>\n\n\n\n<p>Se\u00f1alaron que el evento esta siendo respaldo por el gobierno estatal y esperan posicionar al estado como un referente en la actividad equina.<\/p>\n","protected":false},"excerpt":{"rendered":"<p>El dia de ma\u00f1ana inicia el Primer Encuentro Nacional del Caballo, el cual tendr\u00e1 actividades desde las 9 de la ma\u00f1ana a las 9 de la noche en el WTC de Boca del Rio, desde exhibiciones, conferencias, ventas y artes ecuestres se\u00f1alo el Presidente de la Asociaci\u00f3n de Jinetes del Estado de Veracruz, Jorge Cobos [&hellip;]<\/p>\n","protected":false},"author":2,"featured_media":2398,"comment_status":"open","ping_status":"closed","sticky":false,"template":"","format":"standard","meta":{"om_disable_all_campaigns":false,"footnotes":""},"categories":[1],"tags":[],"class_list":["post-2397","post","type-post","status-publish","format-standard","has-post-thumbnail","hentry","category-uncategorized"],"_links":{"self":[{"href":"https:\/\/veracruzhoy.com\/index.php\/wp-json\/wp\/v2\/posts\/2397","targetHints":{"allow":["GET"]}}],"collection":[{"href":"https:\/\/veracruzhoy.com\/index.php\/wp-json\/wp\/v2\/posts"}],"about":[{"href":"https:\/\/veracruzhoy.com\/index.php\/wp-json\/wp\/v2\/types\/post"}],"author":[{"embeddable":true,"href":"https:\/\/veracruzhoy.com\/index.php\/wp-json\/wp\/v2\/users\/2"}],"replies":[{"embeddable":true,"href":"https:\/\/veracruzhoy.com\/index.php\/wp-json\/wp\/v2\/comments?post=2397"}],"version-history":[{"count":1,"href":"https:\/\/veracruzhoy.com\/index.php\/wp-json\/wp\/v2\/posts\/2397\/revisions"}],"predecessor-version":[{"id":2399,"href":"https:\/\/veracruzhoy.com\/index.php\/wp-json\/wp\/v2\/posts\/2397\/revisions\/2399"}],"wp:featuredmedia":[{"embeddable":true,"href":"https:\/\/veracruzhoy.com\/index.php\/wp-json\/wp\/v2\/media\/2398"}],"wp:attachment":[{"href":"https:\/\/veracruzhoy.com\/index.php\/wp-json\/wp\/v2\/media?parent=2397"}],"wp:term":[{"taxonomy":"category","embeddable":true,"href":"https:\/\/veracruzhoy.com\/index.php\/wp-json\/wp\/v2\/categories?post=2397"},{"taxonomy":"post_tag","embeddable":true,"href":"https:\/\/veracruzhoy.com\/index.php\/wp-json\/wp\/v2\/tags?post=2397"}],"curies":[{"name":"wp","href":"https:\/\/api.w.org\/{rel}","templated":true}]}}