{"id":2400,"date":"2026-04-22T13:47:44","date_gmt":"2026-04-22T19:47:44","guid":{"rendered":"https:\/\/veracruzhoy.com\/?p=2400"},"modified":"2026-04-22T13:47:44","modified_gmt":"2026-04-22T19:47:44","slug":"veracruz-sera-sede-del-vii-encuentro-nacional-civico-de-la-dgeti","status":"publish","type":"post","link":"https:\/\/veracruzhoy.com\/index.php\/2026\/04\/22\/veracruz-sera-sede-del-vii-encuentro-nacional-civico-de-la-dgeti\/","title":{"rendered":"Veracruz ser\u00e1 sede del VII Encuentro Nacional C\u00edvico de la DGETI"},"content":{"rendered":"\n<p>\u200bVeracruz, Ver. \u2014 El comisionado de la DGETI en el estado, Jos\u00e9 Alejandro Ponce Mart\u00ednez, anunci\u00f3 formalmente la realizaci\u00f3n del VII Encuentro Nacional C\u00edvico, que se llevar\u00e1 a cabo del 18 al 22 de mayo en la entidad veracruzana.<br>\u200bEl evento reunir\u00e1 a m\u00e1s de 1,300 estudiantes provenientes de las 32 entidades del pa\u00eds, quienes competir\u00e1n en tres disciplinas:<\/p>\n\n\n\n<p>\u200bBandas de guerra.<br>\u200bEscoltas de bandera.<br>\u200bCoro del Himno Nacional.<\/p>\n\n\n\n<p>\u200bLas actividades se desarrollar\u00e1n en recintos emblem\u00e1ticos como la Macroplaza del Malec\u00f3n, la Facultad de Educaci\u00f3n F\u00edsica y el Teatro Francisco Javier Clavijero. De acuerdo con Ponce Mart\u00ednez, este encuentro busca enaltecer la cultura c\u00edvica bajo las directrices de la Nueva Escuela Mexicana, impulsada por el director general de la DGETI, el Dr. Rolando de Jes\u00fas L\u00f3pez Salda\u00f1a.<\/p>\n\n\n\n<p>\u200bEl estado anfitri\u00f3n ser\u00e1 representado por destacados planteles:<\/p>\n\n\n\n<p>\u200bCETIS 146: Participar\u00e1 en las categor\u00edas de Escolta de Bandera e Himno Nacional.<br>\u200bCBTIS 213 (Minatitl\u00e1n): Competir\u00e1 en la disciplina de Banda de Guerra.<\/p>\n\n\n\n<p>\u200bAdem\u00e1s de la competencia, el evento servir\u00e1 como plataforma para proyectar la riqueza cultural y las tradiciones de Veracruz ante los visitantes de toda la Rep\u00fablica.<\/p>\n","protected":false},"excerpt":{"rendered":"<p>\u200bVeracruz, Ver. \u2014 El comisionado de la DGETI en el estado, Jos\u00e9 Alejandro Ponce Mart\u00ednez, anunci\u00f3 formalmente la realizaci\u00f3n del VII Encuentro Nacional C\u00edvico, que se llevar\u00e1 a cabo del 18 al 22 de mayo en la entidad veracruzana.\u200bEl evento reunir\u00e1 a m\u00e1s de 1,300 estudiantes provenientes de las 32 entidades del pa\u00eds, quienes competir\u00e1n [&hellip;]<\/p>\n","protected":false},"author":2,"featured_media":2401,"comment_status":"open","ping_status":"closed","sticky":false,"template":"","format":"standard","meta":{"om_disable_all_campaigns":false,"footnotes":""},"categories":[1],"tags":[],"class_list":["post-2400","post","type-post","status-publish","format-standard","has-post-thumbnail","hentry","category-uncategorized"],"_links":{"self":[{"href":"https:\/\/veracruzhoy.com\/index.php\/wp-json\/wp\/v2\/posts\/2400","targetHints":{"allow":["GET"]}}],"collection":[{"href":"https:\/\/veracruzhoy.com\/index.php\/wp-json\/wp\/v2\/posts"}],"about":[{"href":"https:\/\/veracruzhoy.com\/index.php\/wp-json\/wp\/v2\/types\/post"}],"author":[{"embeddable":true,"href":"https:\/\/veracruzhoy.com\/index.php\/wp-json\/wp\/v2\/users\/2"}],"replies":[{"embeddable":true,"href":"https:\/\/veracruzhoy.com\/index.php\/wp-json\/wp\/v2\/comments?post=2400"}],"version-history":[{"count":1,"href":"https:\/\/veracruzhoy.com\/index.php\/wp-json\/wp\/v2\/posts\/2400\/revisions"}],"predecessor-version":[{"id":2402,"href":"https:\/\/veracruzhoy.com\/index.php\/wp-json\/wp\/v2\/posts\/2400\/revisions\/2402"}],"wp:featuredmedia":[{"embeddable":true,"href":"https:\/\/veracruzhoy.com\/index.php\/wp-json\/wp\/v2\/media\/2401"}],"wp:attachment":[{"href":"https:\/\/veracruzhoy.com\/index.php\/wp-json\/wp\/v2\/media?parent=2400"}],"wp:term":[{"taxonomy":"category","embeddable":true,"href":"https:\/\/veracruzhoy.com\/index.php\/wp-json\/wp\/v2\/categories?post=2400"},{"taxonomy":"post_tag","embeddable":true,"href":"https:\/\/veracruzhoy.com\/index.php\/wp-json\/wp\/v2\/tags?post=2400"}],"curies":[{"name":"wp","href":"https:\/\/api.w.org\/{rel}","templated":true}]}}