{"id":2409,"date":"2026-04-23T16:40:10","date_gmt":"2026-04-23T22:40:10","guid":{"rendered":"https:\/\/veracruzhoy.com\/?p=2409"},"modified":"2026-04-23T16:40:10","modified_gmt":"2026-04-23T22:40:10","slug":"exlider-sindical-raymundo-lara-busca-reorganizacion-portuaria-y-desconoce-a-alejandro-pulido","status":"publish","type":"post","link":"https:\/\/veracruzhoy.com\/index.php\/2026\/04\/23\/exlider-sindical-raymundo-lara-busca-reorganizacion-portuaria-y-desconoce-a-alejandro-pulido\/","title":{"rendered":"Exl\u00edder sindical Raymundo Lara busca reorganizaci\u00f3n portuaria y desconoce a Alejandro Pulido"},"content":{"rendered":"\n<p>\u200bVERACRUZ, VER. \u2014 Raymundo Arturo Lara Mart\u00ednez, mejor conocido como \u00abel Chedraui\u00bb, reapareci\u00f3 en la escena p\u00fablica para anunciar un nuevo frente de organizaci\u00f3n entre los extrabajadores portuarios afectados por la requisa de 1991. En conferencia de prensa, el \u00faltimo l\u00edder sindical previo a la intervenci\u00f3n federal hizo un llamado a la unidad para recuperar inmuebles y pasivos que, asegura, pertenecen legalmente al gremio.<\/p>\n\n\n\n<p>\u200bEl llamado a los socios y herederos<br>\u200bLara Mart\u00ednez inform\u00f3 que se ha convocado a familiares de socios ya fallecidos para estructurar un planteamiento formal ante el Gobierno Federal. El objetivo es claro: solicitar la liquidaci\u00f3n inmediata de cualquier recurso o bien pendiente de repartici\u00f3n.<\/p>\n\n\n\n<p>\u200b\u00bbNo estamos buscando un cargo pol\u00edtico ni nada que se le parezca\u00bb, enfatiz\u00f3 Lara Mart\u00ednez, advirtiendo que esto podr\u00eda traer posibles conflictos de inter\u00e9s que podr\u00edan entorpecer el proceso de justicia social para los trabajadores.<\/p>\n\n\n\n<p>\u200b<br>\u200bEl evento se torn\u00f3 tenso cuando fue interrumpido por un grupo de personas vinculadas a los hermanos de Alejandro Pulido Cueto, quien actualmente se ostenta como representante legal y l\u00edder del movimiento.<\/p>\n\n\n\n<p>\u200bAnte este incidente, \u00abel Chedraui\u00bb fue tajante al desconocer la figura de Pulido Cueto, a quien calific\u00f3 de \u00abtimador\u00bb. Se\u00f1al\u00f3 que durante m\u00e1s de 35 a\u00f1os, bajo las siglas del sindicato, Pulido ha enga\u00f1ado a los socios mediante amenazas y malos tratos, da\u00f1ando profundamente la integridad del gremio portuario.<\/p>\n\n\n\n<p>\u200bDescarte de irregularidades financieras<br>\u200bRespecto a los se\u00f1alamientos sobre un presunto desv\u00edo de 300 millones de pesos, Lara Mart\u00ednez calific\u00f3 las acusaciones como una \u00abincoherencia\u00bb, deslind\u00e1ndose de cualquier manejo irregular de fondos.<\/p>\n\n\n\n<p>\u200b<br>\u200bFinalmente, el exl\u00edder sentenci\u00f3 que la prioridad de esta nueva reorganizaci\u00f3n es establecer una v\u00eda de comunicaci\u00f3n directa y un acuerdo justo con el gobierno federal. Concluy\u00f3 que la reestructuraci\u00f3n de los socios es el \u00fanico camino para cerrar este cap\u00edtulo hist\u00f3rico de la vida portuaria de Veracruz de manera favorable para las familias de los trabajadores.<\/p>\n","protected":false},"excerpt":{"rendered":"<p>\u200bVERACRUZ, VER. \u2014 Raymundo Arturo Lara Mart\u00ednez, mejor conocido como \u00abel Chedraui\u00bb, reapareci\u00f3 en la escena p\u00fablica para anunciar un nuevo frente de organizaci\u00f3n entre los extrabajadores portuarios afectados por la requisa de 1991. En conferencia de prensa, el \u00faltimo l\u00edder sindical previo a la intervenci\u00f3n federal hizo un llamado a la unidad para recuperar [&hellip;]<\/p>\n","protected":false},"author":2,"featured_media":2410,"comment_status":"open","ping_status":"closed","sticky":false,"template":"","format":"standard","meta":{"om_disable_all_campaigns":false,"footnotes":""},"categories":[22,14],"tags":[],"class_list":["post-2409","post","type-post","status-publish","format-standard","has-post-thumbnail","hentry","category-destacada","category-estatal"],"_links":{"self":[{"href":"https:\/\/veracruzhoy.com\/index.php\/wp-json\/wp\/v2\/posts\/2409","targetHints":{"allow":["GET"]}}],"collection":[{"href":"https:\/\/veracruzhoy.com\/index.php\/wp-json\/wp\/v2\/posts"}],"about":[{"href":"https:\/\/veracruzhoy.com\/index.php\/wp-json\/wp\/v2\/types\/post"}],"author":[{"embeddable":true,"href":"https:\/\/veracruzhoy.com\/index.php\/wp-json\/wp\/v2\/users\/2"}],"replies":[{"embeddable":true,"href":"https:\/\/veracruzhoy.com\/index.php\/wp-json\/wp\/v2\/comments?post=2409"}],"version-history":[{"count":1,"href":"https:\/\/veracruzhoy.com\/index.php\/wp-json\/wp\/v2\/posts\/2409\/revisions"}],"predecessor-version":[{"id":2411,"href":"https:\/\/veracruzhoy.com\/index.php\/wp-json\/wp\/v2\/posts\/2409\/revisions\/2411"}],"wp:featuredmedia":[{"embeddable":true,"href":"https:\/\/veracruzhoy.com\/index.php\/wp-json\/wp\/v2\/media\/2410"}],"wp:attachment":[{"href":"https:\/\/veracruzhoy.com\/index.php\/wp-json\/wp\/v2\/media?parent=2409"}],"wp:term":[{"taxonomy":"category","embeddable":true,"href":"https:\/\/veracruzhoy.com\/index.php\/wp-json\/wp\/v2\/categories?post=2409"},{"taxonomy":"post_tag","embeddable":true,"href":"https:\/\/veracruzhoy.com\/index.php\/wp-json\/wp\/v2\/tags?post=2409"}],"curies":[{"name":"wp","href":"https:\/\/api.w.org\/{rel}","templated":true}]}}