{"id":2412,"date":"2026-04-24T13:56:38","date_gmt":"2026-04-24T19:56:38","guid":{"rendered":"https:\/\/veracruzhoy.com\/?p=2412"},"modified":"2026-04-24T13:56:38","modified_gmt":"2026-04-24T19:56:38","slug":"sindicatos-de-veracruz-alistan-concentracion-masiva-para-el-primero-de-mayo","status":"publish","type":"post","link":"https:\/\/veracruzhoy.com\/index.php\/2026\/04\/24\/sindicatos-de-veracruz-alistan-concentracion-masiva-para-el-primero-de-mayo\/","title":{"rendered":"Sindicatos de Veracruz alistan concentraci\u00f3n masiva para el Primero de Mayo"},"content":{"rendered":"\n<p>\u200bBajo la premisa de orden y respeto, se espera la participaci\u00f3n de hasta 7 mil trabajadores de 148 organizaciones en la Macroplaza del Malec\u00f3n.<\/p>\n\n\n\n<p>\u200bVERACRUZ, VER. \u2014 Por tercer a\u00f1o consecutivo, el Congreso del Trabajo conmemorar\u00e1 el D\u00eda Internacional del Trabajo con una concentraci\u00f3n masiva en el puerto de Veracruz. El evento, programado para este viernes 1 de mayo a las 8:00 horas, tendr\u00e1 como escenario la emblem\u00e1tica Macroplaza del Malec\u00f3n.<\/p>\n\n\n\n<p>\u200bEl presidente del Congreso del Trabajo, Lionel P\u00e9rez, inform\u00f3 tras una reuni\u00f3n con diversos l\u00edderes sindicales que se prev\u00e9 una afluencia de entre 5 y 7 mil trabajadores pertenecientes a 148 organizaciones. P\u00e9rez enfatiz\u00f3 que, aunque el acto se regir\u00e1 bajo los valores de respeto y di\u00e1logo, los sindicatos tendr\u00e1n total libertad para manifestar sus propuestas y sentir.<\/p>\n\n\n\n<p>\u200b\u00bbSe har\u00e1n presentes las organizaciones m\u00e1s representativas del puerto para exigir lo que por ley les pertenece, bas\u00e1ndose en los contratos colectivos y en los art\u00edculos 23 y 27 de nuestra Constituci\u00f3n\u00bb, se\u00f1al\u00f3 el dirigente.<\/p>\n\n\n\n<p>\u200b<br>\u200bLa dirigencia confirm\u00f3 que se han girado invitaciones a las autoridades de los tres niveles de gobierno, incluyendo:<br>\u200bPresidentes municipales de la zona conurbada.<br>\u200bRepresentantes de c\u00e1maras empresariales.<br>\u200bPersonal del Poder Judicial y el Poder Legislativo.<\/p>\n\n\n\n<p>\u200bAsimismo, Lionel P\u00e9rez extendi\u00f3 la invitaci\u00f3n a otras organizaciones que a\u00fan no se han sumado, reiterando que las puertas est\u00e1n abiertas para quienes deseen adherirse a este acto de relevancia internacional.<\/p>\n\n\n\n<p>\u200bEn la reuni\u00f3n preparatoria destacaron figuras clave del sector obrero y de servicios, tales como:<br>\u200bMario Barrios Sarmiento (STIRTT)<br>\u200bTom\u00e1s Tejeda (Transportistas)<br>\u200bV\u00edctor Mendoza Segovia (SERTACAVER)entre otros.<\/p>\n","protected":false},"excerpt":{"rendered":"<p>\u200bBajo la premisa de orden y respeto, se espera la participaci\u00f3n de hasta 7 mil trabajadores de 148 organizaciones en la Macroplaza del Malec\u00f3n. \u200bVERACRUZ, VER. \u2014 Por tercer a\u00f1o consecutivo, el Congreso del Trabajo conmemorar\u00e1 el D\u00eda Internacional del Trabajo con una concentraci\u00f3n masiva en el puerto de Veracruz. El evento, programado para este [&hellip;]<\/p>\n","protected":false},"author":2,"featured_media":2413,"comment_status":"open","ping_status":"closed","sticky":false,"template":"","format":"standard","meta":{"om_disable_all_campaigns":false,"footnotes":""},"categories":[22,14],"tags":[],"class_list":["post-2412","post","type-post","status-publish","format-standard","has-post-thumbnail","hentry","category-destacada","category-estatal"],"_links":{"self":[{"href":"https:\/\/veracruzhoy.com\/index.php\/wp-json\/wp\/v2\/posts\/2412","targetHints":{"allow":["GET"]}}],"collection":[{"href":"https:\/\/veracruzhoy.com\/index.php\/wp-json\/wp\/v2\/posts"}],"about":[{"href":"https:\/\/veracruzhoy.com\/index.php\/wp-json\/wp\/v2\/types\/post"}],"author":[{"embeddable":true,"href":"https:\/\/veracruzhoy.com\/index.php\/wp-json\/wp\/v2\/users\/2"}],"replies":[{"embeddable":true,"href":"https:\/\/veracruzhoy.com\/index.php\/wp-json\/wp\/v2\/comments?post=2412"}],"version-history":[{"count":1,"href":"https:\/\/veracruzhoy.com\/index.php\/wp-json\/wp\/v2\/posts\/2412\/revisions"}],"predecessor-version":[{"id":2414,"href":"https:\/\/veracruzhoy.com\/index.php\/wp-json\/wp\/v2\/posts\/2412\/revisions\/2414"}],"wp:featuredmedia":[{"embeddable":true,"href":"https:\/\/veracruzhoy.com\/index.php\/wp-json\/wp\/v2\/media\/2413"}],"wp:attachment":[{"href":"https:\/\/veracruzhoy.com\/index.php\/wp-json\/wp\/v2\/media?parent=2412"}],"wp:term":[{"taxonomy":"category","embeddable":true,"href":"https:\/\/veracruzhoy.com\/index.php\/wp-json\/wp\/v2\/categories?post=2412"},{"taxonomy":"post_tag","embeddable":true,"href":"https:\/\/veracruzhoy.com\/index.php\/wp-json\/wp\/v2\/tags?post=2412"}],"curies":[{"name":"wp","href":"https:\/\/api.w.org\/{rel}","templated":true}]}}