{"id":2417,"date":"2026-04-24T16:01:37","date_gmt":"2026-04-24T22:01:37","guid":{"rendered":"https:\/\/veracruzhoy.com\/?p=2417"},"modified":"2026-04-24T16:01:37","modified_gmt":"2026-04-24T22:01:37","slug":"inflacion-rebasa-aumentos-salariales-en-veracruz-croc","status":"publish","type":"post","link":"https:\/\/veracruzhoy.com\/index.php\/2026\/04\/24\/inflacion-rebasa-aumentos-salariales-en-veracruz-croc\/","title":{"rendered":"Inflaci\u00f3n rebasa aumentos salariales en Veracruz: CROC"},"content":{"rendered":"\n<p>\u200bPese a que el sector de la construcci\u00f3n reporta una ocupaci\u00f3n del 95%, el l\u00edder sindical Tom\u00e1s Tejeda advierte que el poder adquisitivo ha ca\u00eddo un 14% en lo que va de 2026.<\/p>\n\n\n\n<p>\u200bVeracruz,Ver. \u2014 En un balance cr\u00edtico sobre la situaci\u00f3n econ\u00f3mica actual, Tom\u00e1s Tejeda, Mart\u00ednez l\u00edder de la Confederaci\u00f3n Revolucionaria de Obreros y Campesinos (CROC) en Veracruz, advirti\u00f3 que la inflaci\u00f3n ha pulverizado los incrementos salariales acordados para este a\u00f1o entre gobierno, patrones y sindicatos.<\/p>\n\n\n\n<p>\u200bTejeda Mart\u00ednez se\u00f1al\u00f3 que, aunque se estableci\u00f3 un aumento salarial del 13% para 2026, la inflaci\u00f3n real ya alcanza el 30%, dejando a los trabajadores en una posici\u00f3n de vulnerabilidad financiera. Seg\u00fan las estimaciones de la central obrera, durante el primer cuatrimestre del a\u00f1o, el poder adquisitivo de las familias veracruzanas ha sufrido una p\u00e9rdida neta del 14%.<\/p>\n\n\n\n<p>\u200b\u00bbIncluso si el salario se incrementara en un 100%, de nada servir\u00eda para las familias mexicanas si no se logra frenar la escalada de precios\u00bb, sentenci\u00f3 el l\u00edder de la CROC, haciendo un exhorto directo al Gobierno Federal para intervenir en esta crisis econ\u00f3mica.<\/p>\n\n\n\n<p>\u200bA diferencia del panorama inflacionario, el \u00e1mbito de la ocupaci\u00f3n laboral (construcci\u00f3n y transporte) presenta cifras positivas. Tejeda destac\u00f3 que dichos sectores mantienen una tasa de ocupaci\u00f3n del 95%, gracias a la sinergia con el Gobierno del Estado en proyectos de infraestructura.<\/p>\n\n\n\n<p>\u200bEntre las obras y empresas que mantienen activa la mano de obra local destacan:\u200bInfraestructura estatal: Construcci\u00f3n de carreteras, puentes y obras p\u00fablicas diversas.Mientras que en\u200binversi\u00f3n privada: Proyectos de gran calado con empresas como Nestl\u00e9 y Constellation Brands.<\/p>\n\n\n\n<p><\/p>\n","protected":false},"excerpt":{"rendered":"<p>\u200bPese a que el sector de la construcci\u00f3n reporta una ocupaci\u00f3n del 95%, el l\u00edder sindical Tom\u00e1s Tejeda advierte que el poder adquisitivo ha ca\u00eddo un 14% en lo que va de 2026. \u200bVeracruz,Ver. \u2014 En un balance cr\u00edtico sobre la situaci\u00f3n econ\u00f3mica actual, Tom\u00e1s Tejeda, Mart\u00ednez l\u00edder de la Confederaci\u00f3n Revolucionaria de Obreros y [&hellip;]<\/p>\n","protected":false},"author":2,"featured_media":2418,"comment_status":"open","ping_status":"closed","sticky":false,"template":"","format":"standard","meta":{"om_disable_all_campaigns":false,"footnotes":""},"categories":[22,14],"tags":[],"class_list":["post-2417","post","type-post","status-publish","format-standard","has-post-thumbnail","hentry","category-destacada","category-estatal"],"_links":{"self":[{"href":"https:\/\/veracruzhoy.com\/index.php\/wp-json\/wp\/v2\/posts\/2417","targetHints":{"allow":["GET"]}}],"collection":[{"href":"https:\/\/veracruzhoy.com\/index.php\/wp-json\/wp\/v2\/posts"}],"about":[{"href":"https:\/\/veracruzhoy.com\/index.php\/wp-json\/wp\/v2\/types\/post"}],"author":[{"embeddable":true,"href":"https:\/\/veracruzhoy.com\/index.php\/wp-json\/wp\/v2\/users\/2"}],"replies":[{"embeddable":true,"href":"https:\/\/veracruzhoy.com\/index.php\/wp-json\/wp\/v2\/comments?post=2417"}],"version-history":[{"count":1,"href":"https:\/\/veracruzhoy.com\/index.php\/wp-json\/wp\/v2\/posts\/2417\/revisions"}],"predecessor-version":[{"id":2419,"href":"https:\/\/veracruzhoy.com\/index.php\/wp-json\/wp\/v2\/posts\/2417\/revisions\/2419"}],"wp:featuredmedia":[{"embeddable":true,"href":"https:\/\/veracruzhoy.com\/index.php\/wp-json\/wp\/v2\/media\/2418"}],"wp:attachment":[{"href":"https:\/\/veracruzhoy.com\/index.php\/wp-json\/wp\/v2\/media?parent=2417"}],"wp:term":[{"taxonomy":"category","embeddable":true,"href":"https:\/\/veracruzhoy.com\/index.php\/wp-json\/wp\/v2\/categories?post=2417"},{"taxonomy":"post_tag","embeddable":true,"href":"https:\/\/veracruzhoy.com\/index.php\/wp-json\/wp\/v2\/tags?post=2417"}],"curies":[{"name":"wp","href":"https:\/\/api.w.org\/{rel}","templated":true}]}}