{"id":2425,"date":"2026-04-27T11:27:00","date_gmt":"2026-04-27T17:27:00","guid":{"rendered":"https:\/\/veracruzhoy.com\/?p=2425"},"modified":"2026-04-27T11:27:00","modified_gmt":"2026-04-27T17:27:00","slug":"capacitan-a-casi-700-veracruzanos-para-el-autoempleo","status":"publish","type":"post","link":"https:\/\/veracruzhoy.com\/index.php\/2026\/04\/27\/capacitan-a-casi-700-veracruzanos-para-el-autoempleo\/","title":{"rendered":"Capacitan a casi 700 veracruzanos para el autoempleo"},"content":{"rendered":"\n<p>Con una oferta que va desde la tecnolog\u00eda de vanguardia hasta oficios tradicionales, la Direcci\u00f3n de Bienestar Municipal del Ayuntamiento de Veracruz, encabezada por Manuel Rogel, cerr\u00f3 una jornada de capacitaciones que alcanz\u00f3 a 678 ciudadanos, buscando darles herramientas reales para enfrentar la situaci\u00f3n econ\u00f3mica actual.<\/p>\n\n\n\n<p>El director de Bienestar detall\u00f3 que bajo el esquema \u201cImpulso Bienestar\u201d, 218 personas participaron en foros y charlas donde la Inteligencia Artificial y el manejo de redes sociales fueron los temas estrella.<\/p>\n\n\n\n<p>El objetivo, inform\u00f3, es que los asistentes no solo se actualicen tecnol\u00f3gicamente, sino que encuentren inspiraci\u00f3n para proyectos con visi\u00f3n innovadora, tocando adem\u00e1s puntos sensibles como los derechos humanos y la inclusi\u00f3n.<\/p>\n\n\n\n<p>Por otro lado, la capacitaci\u00f3n t\u00e9cnica lleg\u00f3 directamente a los vecinos con un \u00e9xito notable. Se realizaron 23 talleres de reposter\u00eda b\u00e1sica, espec\u00edficamente enfocados en la elaboraci\u00f3n de donas, donde 460 veracruzanos aprendieron el oficio.<\/p>\n\n\n\n<p>Esta iniciativa no se qued\u00f3 solo en la cocina; el enfoque principal fue el fomento al autoempleo. Al aprender a elaborar productos de calidad, los beneficiados ahora cuentan con la capacidad de iniciar micronegocios desde sus hogares, fortaleciendo la econom\u00eda de sus familias.<\/p>\n\n\n\n<p>Manuel Rogel se\u00f1al\u00f3 que este tipo de acciones buscan descentralizar el conocimiento, llevando los cursos a donde la gente realmente los necesita. Con el respaldo de la administraci\u00f3n municipal, que encabeza la presidenta municipal Rosa Mar\u00eda Hern\u00e1ndez Espejo, se espera que este modelo de capacitaci\u00f3n contin\u00fae acercando herramientas pr\u00e1cticas que se traduzcan en ingresos y crecimiento personal para los habitantes del puerto.<\/p>\n","protected":false},"excerpt":{"rendered":"<p>Con una oferta que va desde la tecnolog\u00eda de vanguardia hasta oficios tradicionales, la Direcci\u00f3n de Bienestar Municipal del Ayuntamiento de Veracruz, encabezada por Manuel Rogel, cerr\u00f3 una jornada de capacitaciones que alcanz\u00f3 a 678 ciudadanos, buscando darles herramientas reales para enfrentar la situaci\u00f3n econ\u00f3mica actual. El director de Bienestar detall\u00f3 que bajo el esquema [&hellip;]<\/p>\n","protected":false},"author":2,"featured_media":2426,"comment_status":"open","ping_status":"closed","sticky":false,"template":"","format":"standard","meta":{"om_disable_all_campaigns":false,"footnotes":""},"categories":[22,19],"tags":[],"class_list":["post-2425","post","type-post","status-publish","format-standard","has-post-thumbnail","hentry","category-destacada","category-local"],"_links":{"self":[{"href":"https:\/\/veracruzhoy.com\/index.php\/wp-json\/wp\/v2\/posts\/2425","targetHints":{"allow":["GET"]}}],"collection":[{"href":"https:\/\/veracruzhoy.com\/index.php\/wp-json\/wp\/v2\/posts"}],"about":[{"href":"https:\/\/veracruzhoy.com\/index.php\/wp-json\/wp\/v2\/types\/post"}],"author":[{"embeddable":true,"href":"https:\/\/veracruzhoy.com\/index.php\/wp-json\/wp\/v2\/users\/2"}],"replies":[{"embeddable":true,"href":"https:\/\/veracruzhoy.com\/index.php\/wp-json\/wp\/v2\/comments?post=2425"}],"version-history":[{"count":1,"href":"https:\/\/veracruzhoy.com\/index.php\/wp-json\/wp\/v2\/posts\/2425\/revisions"}],"predecessor-version":[{"id":2427,"href":"https:\/\/veracruzhoy.com\/index.php\/wp-json\/wp\/v2\/posts\/2425\/revisions\/2427"}],"wp:featuredmedia":[{"embeddable":true,"href":"https:\/\/veracruzhoy.com\/index.php\/wp-json\/wp\/v2\/media\/2426"}],"wp:attachment":[{"href":"https:\/\/veracruzhoy.com\/index.php\/wp-json\/wp\/v2\/media?parent=2425"}],"wp:term":[{"taxonomy":"category","embeddable":true,"href":"https:\/\/veracruzhoy.com\/index.php\/wp-json\/wp\/v2\/categories?post=2425"},{"taxonomy":"post_tag","embeddable":true,"href":"https:\/\/veracruzhoy.com\/index.php\/wp-json\/wp\/v2\/tags?post=2425"}],"curies":[{"name":"wp","href":"https:\/\/api.w.org\/{rel}","templated":true}]}}